{"id":901,"date":"2019-03-21T17:45:28","date_gmt":"2019-03-21T16:45:28","guid":{"rendered":"http:\/\/ycm-berlin.de\/blog\/?p=901"},"modified":"2020-10-17T19:32:58","modified_gmt":"2020-10-17T17:32:58","slug":"regatta-am-stoessensee-am-01-02-09-2018","status":"publish","type":"post","link":"https:\/\/ycm-berlin.de\/blog\/regatta-am-stoessensee-am-01-02-09-2018\/","title":{"rendered":"Teeny Trophy am 01.\/02.09.2018"},"content":{"rendered":"<p>Am ersten Septemberwochenende fand die Teeny-Regatta am St\u00f6\u00dfensee statt. Ausrichter war der Yacht-Club St\u00f6\u00dfensee (<a href=\"http:\/\/ycst-berlin.de\/index.html\" target=\"_blank\" rel=\"noopener noreferrer\">YCSt<\/a>). Unser YCM ging mit vier Teams an den Start und erlebte ein ereignisreiches Wochenende, aber lest selbst:<\/p>\n<p><!--more--><\/p>\n<p>Freitag, 31.08.2018:<\/p>\n<p>Wir haben uns entschlossen das Training zu nutzen und bereits heute alle Boote zum <a href=\"https:\/\/www.kar-berlin.de\/\" target=\"_blank\" rel=\"noopener noreferrer\">KaR<\/a> zu segeln, um sie dort im Hafen liegen zu lassen, damit es am kommenden Morgen etwas entspannter in den ersten Regatta-Tag geht.<\/p>\n<p>Samstag, 01.09.2018:<\/p>\n<p>Um es direkt vorweg zu nehmen: Heute fand keine Regatta statt. Es wollte einfach kein Wind aufkommen, sodass der Start immer wieder verschoben werden musste.\u00a0 Unsere Jugend hatte dennoch ihren Spa\u00df, denn passend zum mega Sommerwetter fand im benachbarten <a href=\"https:\/\/www.kar-berlin.de\/\" target=\"_blank\" rel=\"noopener noreferrer\">KaR<\/a> das Sommerfest statt; unter\u00a0anderem mit Stand Up Paddling und einer gro\u00dfen BMX-Strecke.<\/p>\n<p>Wer ahnt bereits, was nun kommt? Elias brach sich leider bei einem Rampensprung mit dem BMX den Arm und fiel dadurch leider f\u00fcr die Regatta aus.<\/p>\n<p>Sonntag, 02.09.2018:<\/p>\n<p>Heute war viel Wind und somit konnten nach einer Startverschiebung (ausgel\u00f6st durch einen Dampfer und falscher Flaggenhissung) vier flotte Wettfahrten gesegelt werden. Zwischendurch gab es immer wieder kleine Snacks zur St\u00e4rkung f\u00fcr unsere Segler*innen. Nach den Wettfahrten segelten wir die Boote sofort zur\u00fcck in unseren YCM, um anschlie\u00dfend mit dem Fritze Bock (unser YCM-Kutter) wieder in den <a href=\"http:\/\/ycst-berlin.de\/index.html\" target=\"_blank\" rel=\"noopener noreferrer\">YCSt<\/a> zur Siegerehrung zur\u00fcckzukehren.<\/p>\n<p>Unser Team &#8220;Viel zu schnell&#8221; belegte am Ende des Tages den 5. Platz. Das Team &#8220;Blitzz&#8221; segelte auf Platz 10 und das Team &#8220;One for Two&#8221; kam als 21. ins Ziel. Unser Team &#8220;Tom&#8221; konnte durch die Verletzung von Elias leider nicht an den Start gehen und belegten somit Platz 23. Die vollst\u00e4ndige Ergebnisliste k\u00f6nnt ihr auf der Homepage von <a href=\"http:\/\/www.raceoffice.org\/rl_results.php?eidres=2427876185a29749f42d53&amp;eid=16827480035b51b61a51786&amp;rlid=1538958736515bef41d6234\" target=\"_blank\" rel=\"noopener noreferrer\">Raceoffice<\/a> einsehen.<\/p>\n<p>Es war ein sehr hei\u00dfes, aufregendes und erlebnisreiches Wochenende am St\u00f6\u00dfensee und hat viel Spa\u00df gemacht!<\/p>\n","protected":false},"excerpt":{"rendered":"<p>Am ersten Septemberwochenende fand die Teeny-Regatta am St\u00f6\u00dfensee statt. Ausrichter war der Yacht-Club St\u00f6\u00dfensee (YCSt). Unser YCM ging mit vier Teams an den Start und erlebte ein ereignisreiches Wochenende, aber lest selbst:<\/p>\n","protected":false},"author":6,"featured_media":0,"comment_status":"open","ping_status":"closed","sticky":false,"template":"","format":"standard","meta":[],"categories":[26],"tags":[36,28,48,19,39,7,37],"_links":{"self":[{"href":"https:\/\/ycm-berlin.de\/blog\/wp-json\/wp\/v2\/posts\/901"}],"collection":[{"href":"https:\/\/ycm-berlin.de\/blog\/wp-json\/wp\/v2\/posts"}],"about":[{"href":"https:\/\/ycm-berlin.de\/blog\/wp-json\/wp\/v2\/types\/post"}],"author":[{"embeddable":true,"href":"https:\/\/ycm-berlin.de\/blog\/wp-json\/wp\/v2\/users\/6"}],"replies":[{"embeddable":true,"href":"https:\/\/ycm-berlin.de\/blog\/wp-json\/wp\/v2\/comments?post=901"}],"version-history":[{"count":7,"href":"https:\/\/ycm-berlin.de\/blog\/wp-json\/wp\/v2\/posts\/901\/revisions"}],"predecessor-version":[{"id":1372,"href":"https:\/\/ycm-berlin.de\/blog\/wp-json\/wp\/v2\/posts\/901\/revisions\/1372"}],"wp:attachment":[{"href":"https:\/\/ycm-berlin.de\/blog\/wp-json\/wp\/v2\/media?parent=901"}],"wp:term":[{"taxonomy":"category","embeddable":true,"href":"https:\/\/ycm-berlin.de\/blog\/wp-json\/wp\/v2\/categories?post=901"},{"taxonomy":"post_tag","embeddable":true,"href":"https:\/\/ycm-berlin.de\/blog\/wp-json\/wp\/v2\/tags?post=901"}],"curies":[{"name":"wp","href":"https:\/\/api.w.org\/{rel}","templated":true}]}}