{"id":868,"date":"2018-09-23T22:18:32","date_gmt":"2018-09-23T20:18:32","guid":{"rendered":"http:\/\/ycm-berlin.de\/blog\/?p=868"},"modified":"2020-10-17T19:23:46","modified_gmt":"2020-10-17T17:23:46","slug":"vom-teeny-training-zur-420er-session","status":"publish","type":"post","link":"https:\/\/ycm-berlin.de\/blog\/vom-teeny-training-zur-420er-session\/","title":{"rendered":"Vom Teeny-Training zur 420er-Session"},"content":{"rendered":"<p>Ein tolles Erlebnis haben wir euch bisher vorenthalten:<\/p>\n<p>Samstag, 11. August 2018 auf der Unterhavel: Heute ist bestes Sommerwetter.\u00a0\u00a0Anna &amp; Sarah nutzen das aus, bauen einen Teeny auf und gehen, gemeinsam mit Inge im Begleitboot, segeln. Es war richtig toll und hat sehr viel Spa\u00df gemacht &#8211; bis&#8230;<\/p>\n<p><!--more--><\/p>\n<p>Tja, bis das Ruderblatt brach.<\/p>\n<figure id=\"attachment_876\" aria-describedby=\"caption-attachment-876\" style=\"width: 525px\" class=\"wp-caption aligncenter\"><img loading=\"lazy\" class=\"wp-image-876 size-large\" src=\"http:\/\/ycm-berlin.de\/blog\/wp-content\/uploads\/2018\/09\/IMG_9772-683x1024.jpg\" alt=\"\" width=\"525\" height=\"787\" srcset=\"https:\/\/ycm-berlin.de\/blog\/wp-content\/uploads\/2018\/09\/IMG_9772-683x1024.jpg 683w, https:\/\/ycm-berlin.de\/blog\/wp-content\/uploads\/2018\/09\/IMG_9772-200x300.jpg 200w, https:\/\/ycm-berlin.de\/blog\/wp-content\/uploads\/2018\/09\/IMG_9772-768x1152.jpg 768w\" sizes=\"(max-width: 525px) 100vw, 525px\" \/><figcaption id=\"caption-attachment-876\" class=\"wp-caption-text\">Da staunten unsere Mitglieder nicht schlecht. .<br \/>Foto: Sheila Thalau<\/figcaption><\/figure>\n<p>Zur\u00fcck an Land \u00fcberlegten die M\u00e4dels, ob sie mit einem neuen Ruder wieder raus fahren sollten, doch da Lara gerade auf die Insel kam, entschieden sie sich gemeinsam im 420er segeln zu gehen. Gesagt, getan! Gemeinsam bauten sie &#8220;Calypso&#8221; auf und segelten los.<\/p>\n<figure id=\"attachment_879\" aria-describedby=\"caption-attachment-879\" style=\"width: 525px\" class=\"wp-caption aligncenter\"><img loading=\"lazy\" class=\"size-large wp-image-879\" src=\"http:\/\/ycm-berlin.de\/blog\/wp-content\/uploads\/2018\/09\/IMG_9773-683x1024.jpg\" alt=\"\" width=\"525\" height=\"787\" srcset=\"https:\/\/ycm-berlin.de\/blog\/wp-content\/uploads\/2018\/09\/IMG_9773-683x1024.jpg 683w, https:\/\/ycm-berlin.de\/blog\/wp-content\/uploads\/2018\/09\/IMG_9773-200x300.jpg 200w, https:\/\/ycm-berlin.de\/blog\/wp-content\/uploads\/2018\/09\/IMG_9773-768x1152.jpg 768w\" sizes=\"(max-width: 525px) 100vw, 525px\" \/><figcaption id=\"caption-attachment-879\" class=\"wp-caption-text\">Foto: Sheila Thalau<\/figcaption><\/figure>\n<p>&#8220;Das Gef\u00fchl im 420er ist viel aufregender als im Teeny!&#8221;, berichten die M\u00e4dels. Viel schneller und intensiver ger\u00e4t ein 420er in Kr\u00e4ngung.<\/p>\n<figure id=\"attachment_880\" aria-describedby=\"caption-attachment-880\" style=\"width: 525px\" class=\"wp-caption aligncenter\"><img loading=\"lazy\" class=\"size-large wp-image-880\" src=\"http:\/\/ycm-berlin.de\/blog\/wp-content\/uploads\/2018\/09\/IMG_9799-683x1024.jpg\" alt=\"\" width=\"525\" height=\"787\" srcset=\"https:\/\/ycm-berlin.de\/blog\/wp-content\/uploads\/2018\/09\/IMG_9799-683x1024.jpg 683w, https:\/\/ycm-berlin.de\/blog\/wp-content\/uploads\/2018\/09\/IMG_9799-200x300.jpg 200w, https:\/\/ycm-berlin.de\/blog\/wp-content\/uploads\/2018\/09\/IMG_9799-768x1152.jpg 768w\" sizes=\"(max-width: 525px) 100vw, 525px\" \/><figcaption id=\"caption-attachment-880\" class=\"wp-caption-text\">Lara ist an der Pinne, Anna steht im Trapez und Sarah sitzt in Lee.<br \/>Foto: Sheila Thalau<\/figcaption><\/figure>\n<figure id=\"attachment_890\" aria-describedby=\"caption-attachment-890\" style=\"width: 525px\" class=\"wp-caption aligncenter\"><img loading=\"lazy\" class=\"size-large wp-image-890\" src=\"http:\/\/ycm-berlin.de\/blog\/wp-content\/uploads\/2018\/09\/IMG_9865-1024x683.jpg\" alt=\"\" width=\"525\" height=\"350\" srcset=\"https:\/\/ycm-berlin.de\/blog\/wp-content\/uploads\/2018\/09\/IMG_9865-1024x683.jpg 1024w, https:\/\/ycm-berlin.de\/blog\/wp-content\/uploads\/2018\/09\/IMG_9865-300x200.jpg 300w, https:\/\/ycm-berlin.de\/blog\/wp-content\/uploads\/2018\/09\/IMG_9865-768x512.jpg 768w\" sizes=\"(max-width: 525px) 100vw, 525px\" \/><figcaption id=\"caption-attachment-890\" class=\"wp-caption-text\">Dem Wasser ganz nah.<br \/>Foto: Sheila Thalau<\/figcaption><\/figure>\n<p>Die M\u00e4dels hatten richtig Spa\u00df! Immer wieder h\u00f6rten wir ihre Jubelrufe, wenn sie so lange wie m\u00f6glich im Trapez stehen konnten. Eine Tradition durfte dabei nat\u00fcrlich nicht fehlen: Und zwar, dass Sarah ins Wasser f\u00e4llt.<\/p>\n<figure id=\"attachment_882\" aria-describedby=\"caption-attachment-882\" style=\"width: 525px\" class=\"wp-caption aligncenter\"><img loading=\"lazy\" class=\"size-large wp-image-882\" src=\"http:\/\/ycm-berlin.de\/blog\/wp-content\/uploads\/2018\/09\/IMG_9811-683x1024.jpg\" alt=\"\" width=\"525\" height=\"787\" srcset=\"https:\/\/ycm-berlin.de\/blog\/wp-content\/uploads\/2018\/09\/IMG_9811-683x1024.jpg 683w, https:\/\/ycm-berlin.de\/blog\/wp-content\/uploads\/2018\/09\/IMG_9811-200x300.jpg 200w, https:\/\/ycm-berlin.de\/blog\/wp-content\/uploads\/2018\/09\/IMG_9811-768x1152.jpg 768w\" sizes=\"(max-width: 525px) 100vw, 525px\" \/><figcaption id=\"caption-attachment-882\" class=\"wp-caption-text\">Schwupps, da war sie im Wasser.<br \/>Foto: Sheila Thalau<\/figcaption><\/figure>\n<p>Lara \u00f6ffnete direkt das Segel und wir fuhren mit dem Begleitboot direkt zu ihnen, um zu helfen. Das war aber gar nicht n\u00f6tig. Sie hatten alles im Griff, sodass es nach nur wenigen Minuten weiter gehen konnte.<\/p>\n<figure id=\"attachment_885\" aria-describedby=\"caption-attachment-885\" style=\"width: 525px\" class=\"wp-caption aligncenter\"><img loading=\"lazy\" class=\"size-large wp-image-885\" src=\"http:\/\/ycm-berlin.de\/blog\/wp-content\/uploads\/2018\/09\/IMG_9826-1024x683.jpg\" alt=\"\" width=\"525\" height=\"350\" srcset=\"https:\/\/ycm-berlin.de\/blog\/wp-content\/uploads\/2018\/09\/IMG_9826-1024x683.jpg 1024w, https:\/\/ycm-berlin.de\/blog\/wp-content\/uploads\/2018\/09\/IMG_9826-300x200.jpg 300w, https:\/\/ycm-berlin.de\/blog\/wp-content\/uploads\/2018\/09\/IMG_9826-768x512.jpg 768w\" sizes=\"(max-width: 525px) 100vw, 525px\" \/><figcaption id=\"caption-attachment-885\" class=\"wp-caption-text\">L\u00e4ssig geht es weiter.<br \/>Foto: Sheila Thalau<\/figcaption><\/figure>\n<p>Irgendwann wollte Lara auch mal ins Trapez, sodass Anna die Pinne \u00fcbernahm. Das Wetter und der Wind spielten die ganze Zeit perfekt mit.<\/p>\n<figure id=\"attachment_887\" aria-describedby=\"caption-attachment-887\" style=\"width: 525px\" class=\"wp-caption aligncenter\"><img loading=\"lazy\" class=\"size-large wp-image-887\" src=\"http:\/\/ycm-berlin.de\/blog\/wp-content\/uploads\/2018\/09\/IMG_9847-683x1024.jpg\" alt=\"\" width=\"525\" height=\"787\" srcset=\"https:\/\/ycm-berlin.de\/blog\/wp-content\/uploads\/2018\/09\/IMG_9847-683x1024.jpg 683w, https:\/\/ycm-berlin.de\/blog\/wp-content\/uploads\/2018\/09\/IMG_9847-200x300.jpg 200w, https:\/\/ycm-berlin.de\/blog\/wp-content\/uploads\/2018\/09\/IMG_9847-768x1152.jpg 768w\" sizes=\"(max-width: 525px) 100vw, 525px\" \/><figcaption id=\"caption-attachment-887\" class=\"wp-caption-text\">Foto: Sheila Thalau<\/figcaption><\/figure>\n<figure id=\"attachment_888\" aria-describedby=\"caption-attachment-888\" style=\"width: 525px\" class=\"wp-caption aligncenter\"><img loading=\"lazy\" class=\"size-large wp-image-888\" src=\"http:\/\/ycm-berlin.de\/blog\/wp-content\/uploads\/2018\/09\/IMG_9855-e1537733114359-1024x714.jpg\" alt=\"\" width=\"525\" height=\"366\" srcset=\"https:\/\/ycm-berlin.de\/blog\/wp-content\/uploads\/2018\/09\/IMG_9855-e1537733114359-1024x714.jpg 1024w, https:\/\/ycm-berlin.de\/blog\/wp-content\/uploads\/2018\/09\/IMG_9855-e1537733114359-300x209.jpg 300w, https:\/\/ycm-berlin.de\/blog\/wp-content\/uploads\/2018\/09\/IMG_9855-e1537733114359-768x535.jpg 768w\" sizes=\"(max-width: 525px) 100vw, 525px\" \/><figcaption id=\"caption-attachment-888\" class=\"wp-caption-text\">Dreamteam Sarah, Lara und Anna.<br \/>Foto: Sheila Thalau<\/figcaption><\/figure>\n<p>Abschlie\u00dfend haben wir noch einige Erinnerungsbilder gemacht. Es war ein toller Segelabend mit viel Wind und noch mehr Spa\u00df!<\/p>\n<figure id=\"attachment_889\" aria-describedby=\"caption-attachment-889\" style=\"width: 525px\" class=\"wp-caption aligncenter\"><img loading=\"lazy\" class=\"size-large wp-image-889\" src=\"http:\/\/ycm-berlin.de\/blog\/wp-content\/uploads\/2018\/09\/IMG_9858-683x1024.jpg\" alt=\"\" width=\"525\" height=\"787\" srcset=\"https:\/\/ycm-berlin.de\/blog\/wp-content\/uploads\/2018\/09\/IMG_9858-683x1024.jpg 683w, https:\/\/ycm-berlin.de\/blog\/wp-content\/uploads\/2018\/09\/IMG_9858-200x300.jpg 200w, https:\/\/ycm-berlin.de\/blog\/wp-content\/uploads\/2018\/09\/IMG_9858-768x1152.jpg 768w\" sizes=\"(max-width: 525px) 100vw, 525px\" \/><figcaption id=\"caption-attachment-889\" class=\"wp-caption-text\">Foto: Sheila Thalau<\/figcaption><\/figure>\n","protected":false},"excerpt":{"rendered":"<p>Ein tolles Erlebnis haben wir euch bisher vorenthalten: Samstag, 11. August 2018 auf der Unterhavel: Heute ist bestes Sommerwetter.\u00a0\u00a0Anna &amp; Sarah nutzen das aus, bauen einen Teeny auf und gehen, gemeinsam mit Inge im Begleitboot, segeln. Es war richtig toll und hat sehr viel Spa\u00df gemacht &#8211; bis&#8230;<\/p>\n","protected":false},"author":2,"featured_media":877,"comment_status":"open","ping_status":"closed","sticky":false,"template":"","format":"standard","meta":[],"categories":[24],"tags":[21,25,36,48,19],"_links":{"self":[{"href":"https:\/\/ycm-berlin.de\/blog\/wp-json\/wp\/v2\/posts\/868"}],"collection":[{"href":"https:\/\/ycm-berlin.de\/blog\/wp-json\/wp\/v2\/posts"}],"about":[{"href":"https:\/\/ycm-berlin.de\/blog\/wp-json\/wp\/v2\/types\/post"}],"author":[{"embeddable":true,"href":"https:\/\/ycm-berlin.de\/blog\/wp-json\/wp\/v2\/users\/2"}],"replies":[{"embeddable":true,"href":"https:\/\/ycm-berlin.de\/blog\/wp-json\/wp\/v2\/comments?post=868"}],"version-history":[{"count":3,"href":"https:\/\/ycm-berlin.de\/blog\/wp-json\/wp\/v2\/posts\/868\/revisions"}],"predecessor-version":[{"id":892,"href":"https:\/\/ycm-berlin.de\/blog\/wp-json\/wp\/v2\/posts\/868\/revisions\/892"}],"wp:featuredmedia":[{"embeddable":true,"href":"https:\/\/ycm-berlin.de\/blog\/wp-json\/wp\/v2\/media\/877"}],"wp:attachment":[{"href":"https:\/\/ycm-berlin.de\/blog\/wp-json\/wp\/v2\/media?parent=868"}],"wp:term":[{"taxonomy":"category","embeddable":true,"href":"https:\/\/ycm-berlin.de\/blog\/wp-json\/wp\/v2\/categories?post=868"},{"taxonomy":"post_tag","embeddable":true,"href":"https:\/\/ycm-berlin.de\/blog\/wp-json\/wp\/v2\/tags?post=868"}],"curies":[{"name":"wp","href":"https:\/\/api.w.org\/{rel}","templated":true}]}}