{"id":831,"date":"2018-08-03T17:41:08","date_gmt":"2018-08-03T15:41:08","guid":{"rendered":"http:\/\/ycm-berlin.de\/blog\/?p=831"},"modified":"2020-10-17T19:17:18","modified_gmt":"2020-10-17T17:17:18","slug":"idjuem-2018-tag-9-03-08-2018","status":"publish","type":"post","link":"https:\/\/ycm-berlin.de\/blog\/idjuem-2018-tag-9-03-08-2018\/","title":{"rendered":"IDJ\u00fcM 2018 &#8211; Tag 9 &#8211; 03.08.2018"},"content":{"rendered":"<p>Heute ist der letzte Tag der Internationalen Deutschen J\u00fcngstenmeisterschaft 2018. Der (sehr freundliche und aufmerksame) Gastgeber war der <a href=\"https:\/\/www.ystm.eu\/club.php\" target=\"_blank\" rel=\"noopener noreferrer\">Yachtclub Steinhuder Meer<\/a>.<\/p>\n<p>Wir starten um 09:30 Uhr mit der Steuermannbesprechung in den letzten Regattatag. Jens Hahlbrock wird alles versuchen, so viele Wettfahrten wie m\u00f6glich durchzuf\u00fchren. Die ersten Eltern und Trainer*innen beginnen bereits die Zelte abzubauen sowie die ersten Sachen zu packen &#8211; unser Team &#8220;Viel zu schnell&#8221; wird erst morgen die Heimreise antreten.<\/p>\n<p><!--more--><\/p>\n<p>Direkt nach der Steuermannbesprechung ging es f\u00fcr die Segler*innen aufs Wasser. Die letzte Wettfahrt steht an.\u00a0Das Motorboot von Trainerin Sabrina Rahn (<a href=\"https:\/\/scgothia.de\/\" target=\"_blank\" rel=\"noopener noreferrer\">SC Gothia<\/a>) hat leider einen Motorschaden. Aus diesem Grund muss sie bei einer anderen Trainerin mit raus fahren. Hoffentlich ist das kein all zu gro\u00dfer Schaden.<\/p>\n<p>Um 13:00 Uhr kommen die Boote nach einer Wettfahrt wieder zur\u00fcck und es ist amtlich: Team &#8220;Attention&#8221; &#8211; Stefan &amp; Moritz (<a href=\"http:\/\/www.svss.de\/\" target=\"_blank\" rel=\"noopener noreferrer\">SVSS<\/a>) sind (wie im vergangenen Jahr) Deutsche J\u00fcngstenmeister! Vize-J\u00fcngstenmeister ist das Team &#8220;Double action&#8221; mit Tim (<a href=\"http:\/\/yachtclub-phoenixsee.de\/\">YCP<\/a>) &amp; Johanna (<a href=\"https:\/\/scgothia.de\/\" target=\"_blank\" rel=\"noopener noreferrer\">SC Gothia<\/a>) und auf dem dritten Platz ist das Team &#8220;Woody&#8221; mit Nik &amp; Oke (<a href=\"http:\/\/www.psv1908.de\/index.php?id=10\" target=\"_blank\" rel=\"noopener noreferrer\">PSV 1908<\/a>).\u00a0 Wir gratulieren ganz herzlich zu diesem tollen Erfolg!<\/p>\n<figure id=\"attachment_832\" aria-describedby=\"caption-attachment-832\" style=\"width: 525px\" class=\"wp-caption aligncenter\"><img loading=\"lazy\" class=\"size-large wp-image-832\" src=\"http:\/\/ycm-berlin.de\/blog\/wp-content\/uploads\/2018\/08\/IMG-20180803-WA0015-1024x768.jpg\" alt=\"\" width=\"525\" height=\"394\" srcset=\"https:\/\/ycm-berlin.de\/blog\/wp-content\/uploads\/2018\/08\/IMG-20180803-WA0015-1024x768.jpg 1024w, https:\/\/ycm-berlin.de\/blog\/wp-content\/uploads\/2018\/08\/IMG-20180803-WA0015-300x225.jpg 300w, https:\/\/ycm-berlin.de\/blog\/wp-content\/uploads\/2018\/08\/IMG-20180803-WA0015-768x576.jpg 768w, https:\/\/ycm-berlin.de\/blog\/wp-content\/uploads\/2018\/08\/IMG-20180803-WA0015.jpg 1600w\" sizes=\"(max-width: 525px) 100vw, 525px\" \/><figcaption id=\"caption-attachment-832\" class=\"wp-caption-text\">Das Siegerteam gibt eine Runde alkoholfreien Sekt &amp; Saft aus.<br \/>Foto: Inge Neumerkel<\/figcaption><\/figure>\n<p>Wir gratulieren aber vor allem unserem Team &#8220;Viel zu schnell&#8221; mit Anna &amp; Pepe. Sie waren bei der heutigen Wettfahrt auf dem sensationellen siebenten Platz (!!!) und sind insgesamt auf Platz 18 der IDJ\u00fcM 2018 gesegelt! Wir finden das wirklich absolut gro\u00dfartig, dr\u00fccken und gratulieren euch ganz herzlich!\u00a0 Auf der Homepage von <a href=\"https:\/\/www.manage2sail.com\/ch\/event\/504cd0a1-0d54-4dda-92fc-a87c69d4b5b3#!\/results?classId=297bd9d4-6819-4e51-9a10-4424b3f36dfc\" target=\"_blank\" rel=\"noopener noreferrer\">manage2sail<\/a> k\u00f6nnt ihr alle weiteren Ergebnisse einsehen!<\/p>\n<figure id=\"attachment_835\" aria-describedby=\"caption-attachment-835\" style=\"width: 525px\" class=\"wp-caption aligncenter\"><img loading=\"lazy\" class=\"size-large wp-image-835\" src=\"http:\/\/ycm-berlin.de\/blog\/wp-content\/uploads\/2018\/08\/IMG-20180803-WA0036-1024x768.jpg\" alt=\"\" width=\"525\" height=\"394\" srcset=\"https:\/\/ycm-berlin.de\/blog\/wp-content\/uploads\/2018\/08\/IMG-20180803-WA0036-1024x768.jpg 1024w, https:\/\/ycm-berlin.de\/blog\/wp-content\/uploads\/2018\/08\/IMG-20180803-WA0036-300x225.jpg 300w, https:\/\/ycm-berlin.de\/blog\/wp-content\/uploads\/2018\/08\/IMG-20180803-WA0036-768x576.jpg 768w, https:\/\/ycm-berlin.de\/blog\/wp-content\/uploads\/2018\/08\/IMG-20180803-WA0036.jpg 1600w\" sizes=\"(max-width: 525px) 100vw, 525px\" \/><figcaption id=\"caption-attachment-835\" class=\"wp-caption-text\">Die Sieger*innen der IDJ\u00fcM 2018 bei der Siegerehrung!<br \/>Foto: Inge Neumerkel<\/figcaption><\/figure>\n<p>Um 15:00 Uhr beginnt die Siegerehrung mit abschlie\u00dfender Gartenparty und Barbecue. Es wurden die ersten drei Pl\u00e4tze geehrt, die U14-Teilnehmer*innen sowie der j\u00fcngste Teilnehmer der IDJ\u00fcM 2018 &#8211; mit acht Jahren ist das unser Pepe!<\/p>\n<figure id=\"attachment_837\" aria-describedby=\"caption-attachment-837\" style=\"width: 525px\" class=\"wp-caption aligncenter\"><img loading=\"lazy\" class=\"size-large wp-image-837\" src=\"http:\/\/ycm-berlin.de\/blog\/wp-content\/uploads\/2018\/08\/IMG-20180803-WA0038-1024x768.jpg\" alt=\"\" width=\"525\" height=\"394\" srcset=\"https:\/\/ycm-berlin.de\/blog\/wp-content\/uploads\/2018\/08\/IMG-20180803-WA0038-1024x768.jpg 1024w, https:\/\/ycm-berlin.de\/blog\/wp-content\/uploads\/2018\/08\/IMG-20180803-WA0038-300x225.jpg 300w, https:\/\/ycm-berlin.de\/blog\/wp-content\/uploads\/2018\/08\/IMG-20180803-WA0038-768x576.jpg 768w, https:\/\/ycm-berlin.de\/blog\/wp-content\/uploads\/2018\/08\/IMG-20180803-WA0038.jpg 1600w\" sizes=\"(max-width: 525px) 100vw, 525px\" \/><figcaption id=\"caption-attachment-837\" class=\"wp-caption-text\">Jens Hahlbrock ehrt Pepe als j\u00fcngsten Teilnehmer der IDJ\u00fcM 2018.<br \/>Foto: Inge Neumerkel<\/figcaption><\/figure>\n<figure id=\"attachment_843\" aria-describedby=\"caption-attachment-843\" style=\"width: 525px\" class=\"wp-caption aligncenter\"><img loading=\"lazy\" class=\"wp-image-843 size-large\" src=\"http:\/\/ycm-berlin.de\/blog\/wp-content\/uploads\/2018\/08\/IMG-20180803-WA0060-768x1024.jpg\" alt=\"\" width=\"525\" height=\"700\" srcset=\"https:\/\/ycm-berlin.de\/blog\/wp-content\/uploads\/2018\/08\/IMG-20180803-WA0060-768x1024.jpg 768w, https:\/\/ycm-berlin.de\/blog\/wp-content\/uploads\/2018\/08\/IMG-20180803-WA0060-225x300.jpg 225w, https:\/\/ycm-berlin.de\/blog\/wp-content\/uploads\/2018\/08\/IMG-20180803-WA0060.jpg 1200w\" sizes=\"(max-width: 525px) 100vw, 525px\" \/><figcaption id=\"caption-attachment-843\" class=\"wp-caption-text\">Pepe zeigt stolz seinen Preis f\u00fcr den j\u00fcngsten Teilnehmer &#8211; der Wanderpokal mit dem Haubentaucher.<br \/>Foto: Inge Neumerkel<\/figcaption><\/figure>\n<figure id=\"attachment_845\" aria-describedby=\"caption-attachment-845\" style=\"width: 525px\" class=\"wp-caption aligncenter\"><img loading=\"lazy\" class=\"wp-image-845 size-large\" src=\"http:\/\/ycm-berlin.de\/blog\/wp-content\/uploads\/2018\/08\/IMG-20180803-WA0071-576x1024.jpg\" alt=\"\" width=\"525\" height=\"933\" srcset=\"https:\/\/ycm-berlin.de\/blog\/wp-content\/uploads\/2018\/08\/IMG-20180803-WA0071-576x1024.jpg 576w, https:\/\/ycm-berlin.de\/blog\/wp-content\/uploads\/2018\/08\/IMG-20180803-WA0071-169x300.jpg 169w, https:\/\/ycm-berlin.de\/blog\/wp-content\/uploads\/2018\/08\/IMG-20180803-WA0071-768x1365.jpg 768w, https:\/\/ycm-berlin.de\/blog\/wp-content\/uploads\/2018\/08\/IMG-20180803-WA0071.jpg 900w\" sizes=\"(max-width: 525px) 100vw, 525px\" \/><figcaption id=\"caption-attachment-845\" class=\"wp-caption-text\">Bald schm\u00fcckt ein Bild mit Pepes Namen den wundersch\u00f6nen Wanderpokal. Foto: Inge Neumerkel<\/figcaption><\/figure>\n<figure id=\"attachment_844\" aria-describedby=\"caption-attachment-844\" style=\"width: 525px\" class=\"wp-caption aligncenter\"><img loading=\"lazy\" class=\"size-large wp-image-844\" src=\"http:\/\/ycm-berlin.de\/blog\/wp-content\/uploads\/2018\/08\/IMG-20180803-WA0070-576x1024.jpg\" alt=\"\" width=\"525\" height=\"933\" srcset=\"https:\/\/ycm-berlin.de\/blog\/wp-content\/uploads\/2018\/08\/IMG-20180803-WA0070-576x1024.jpg 576w, https:\/\/ycm-berlin.de\/blog\/wp-content\/uploads\/2018\/08\/IMG-20180803-WA0070-169x300.jpg 169w, https:\/\/ycm-berlin.de\/blog\/wp-content\/uploads\/2018\/08\/IMG-20180803-WA0070-768x1365.jpg 768w, https:\/\/ycm-berlin.de\/blog\/wp-content\/uploads\/2018\/08\/IMG-20180803-WA0070.jpg 900w\" sizes=\"(max-width: 525px) 100vw, 525px\" \/><figcaption id=\"caption-attachment-844\" class=\"wp-caption-text\">Die Geschichte vom Haubentaucher.<br \/>Foto: Inge Neumerkel<\/figcaption><\/figure>\n<figure id=\"attachment_836\" aria-describedby=\"caption-attachment-836\" style=\"width: 525px\" class=\"wp-caption aligncenter\"><img loading=\"lazy\" class=\"size-large wp-image-836\" src=\"http:\/\/ycm-berlin.de\/blog\/wp-content\/uploads\/2018\/08\/IMG-20180803-WA0037-1024x768.jpg\" alt=\"\" width=\"525\" height=\"394\" srcset=\"https:\/\/ycm-berlin.de\/blog\/wp-content\/uploads\/2018\/08\/IMG-20180803-WA0037-1024x768.jpg 1024w, https:\/\/ycm-berlin.de\/blog\/wp-content\/uploads\/2018\/08\/IMG-20180803-WA0037-300x225.jpg 300w, https:\/\/ycm-berlin.de\/blog\/wp-content\/uploads\/2018\/08\/IMG-20180803-WA0037-768x576.jpg 768w, https:\/\/ycm-berlin.de\/blog\/wp-content\/uploads\/2018\/08\/IMG-20180803-WA0037.jpg 1600w\" sizes=\"(max-width: 525px) 100vw, 525px\" \/><figcaption id=\"caption-attachment-836\" class=\"wp-caption-text\">Die U14-Teilnehmer*innen werden ausgezeichnet.<br \/>Foto: Inge Neumerkel<\/figcaption><\/figure>\n<p>Die Segler*innen, die nun in eine andere Bootsklasse umsteigen, lassen sich zur Erinnerung ihre Spi\u00b4s unterschreiben.<\/p>\n<figure id=\"attachment_838\" aria-describedby=\"caption-attachment-838\" style=\"width: 525px\" class=\"wp-caption aligncenter\"><img loading=\"lazy\" class=\"size-large wp-image-838\" src=\"http:\/\/ycm-berlin.de\/blog\/wp-content\/uploads\/2018\/08\/IMG-20180803-WA0040-1024x768.jpg\" alt=\"\" width=\"525\" height=\"394\" srcset=\"https:\/\/ycm-berlin.de\/blog\/wp-content\/uploads\/2018\/08\/IMG-20180803-WA0040-1024x768.jpg 1024w, https:\/\/ycm-berlin.de\/blog\/wp-content\/uploads\/2018\/08\/IMG-20180803-WA0040-300x225.jpg 300w, https:\/\/ycm-berlin.de\/blog\/wp-content\/uploads\/2018\/08\/IMG-20180803-WA0040-768x576.jpg 768w, https:\/\/ycm-berlin.de\/blog\/wp-content\/uploads\/2018\/08\/IMG-20180803-WA0040.jpg 1600w\" sizes=\"(max-width: 525px) 100vw, 525px\" \/><figcaption id=\"caption-attachment-838\" class=\"wp-caption-text\">Foto: Inge Neumerkel<\/figcaption><\/figure>\n<p>Tja, das war es dann auch schon. Die Internationale Deutsche J\u00fcngstenmeisterschaft 2018 ist vorbei. Leider hat uns der Wind etwas im Stich gelassen, was wir unglaublich schade finden. Es war aber dennoch toll, die Tage mit den anderen Teeny-Segler*innen zu verbringen. F\u00fcr Anna wird es die vorletzte Saison im Teeny sein &#8211; f\u00fcr Pepe hat die Teeny-Zeit erst begonnen. Unser Verein wird demnach mit Sicherheit im n\u00e4chsten Jahr erneut mit seinem Team &#8220;Viel zu schnell&#8221; an der IDJ\u00fcM teilnehmen! Wir freuen uns schon auf viele neue und alte Gesichter.<\/p>\n<p>Habt eine gute Zeit und passt auf euch auf! Wie sagt man so sch\u00f6n? Wir w\u00fcnschen allen Segler*innen alles Gute und immer eine Hand breit Wasser unter dem Kiel. Ahoi!<\/p>\n","protected":false},"excerpt":{"rendered":"<p>Heute ist der letzte Tag der Internationalen Deutschen J\u00fcngstenmeisterschaft 2018. Der (sehr freundliche und aufmerksame) Gastgeber war der Yachtclub Steinhuder Meer. Wir starten um 09:30 Uhr mit der Steuermannbesprechung in den letzten Regattatag. Jens Hahlbrock wird alles versuchen, so viele Wettfahrten wie m\u00f6glich durchzuf\u00fchren. Die ersten Eltern und Trainer*innen beginnen bereits die Zelte abzubauen sowie &hellip; <\/p>\n<p class=\"link-more\"><a href=\"https:\/\/ycm-berlin.de\/blog\/idjuem-2018-tag-9-03-08-2018\/\" class=\"more-link\"><span class=\"screen-reader-text\">\u201eIDJ\u00fcM 2018 &#8211; Tag 9 &#8211; 03.08.2018\u201c<\/span> weiterlesen<\/a><\/p>\n","protected":false},"author":2,"featured_media":833,"comment_status":"open","ping_status":"closed","sticky":false,"template":"","format":"standard","meta":[],"categories":[13],"tags":[10,9,29,48,58,39,16,7],"_links":{"self":[{"href":"https:\/\/ycm-berlin.de\/blog\/wp-json\/wp\/v2\/posts\/831"}],"collection":[{"href":"https:\/\/ycm-berlin.de\/blog\/wp-json\/wp\/v2\/posts"}],"about":[{"href":"https:\/\/ycm-berlin.de\/blog\/wp-json\/wp\/v2\/types\/post"}],"author":[{"embeddable":true,"href":"https:\/\/ycm-berlin.de\/blog\/wp-json\/wp\/v2\/users\/2"}],"replies":[{"embeddable":true,"href":"https:\/\/ycm-berlin.de\/blog\/wp-json\/wp\/v2\/comments?post=831"}],"version-history":[{"count":9,"href":"https:\/\/ycm-berlin.de\/blog\/wp-json\/wp\/v2\/posts\/831\/revisions"}],"predecessor-version":[{"id":1366,"href":"https:\/\/ycm-berlin.de\/blog\/wp-json\/wp\/v2\/posts\/831\/revisions\/1366"}],"wp:featuredmedia":[{"embeddable":true,"href":"https:\/\/ycm-berlin.de\/blog\/wp-json\/wp\/v2\/media\/833"}],"wp:attachment":[{"href":"https:\/\/ycm-berlin.de\/blog\/wp-json\/wp\/v2\/media?parent=831"}],"wp:term":[{"taxonomy":"category","embeddable":true,"href":"https:\/\/ycm-berlin.de\/blog\/wp-json\/wp\/v2\/categories?post=831"},{"taxonomy":"post_tag","embeddable":true,"href":"https:\/\/ycm-berlin.de\/blog\/wp-json\/wp\/v2\/tags?post=831"}],"curies":[{"name":"wp","href":"https:\/\/api.w.org\/{rel}","templated":true}]}}