{"id":822,"date":"2018-08-03T14:26:19","date_gmt":"2018-08-03T12:26:19","guid":{"rendered":"http:\/\/ycm-berlin.de\/blog\/?p=822"},"modified":"2020-10-17T19:10:14","modified_gmt":"2020-10-17T17:10:14","slug":"idjuem-2018-tag-9-02-08-2018","status":"publish","type":"post","link":"https:\/\/ycm-berlin.de\/blog\/idjuem-2018-tag-9-02-08-2018\/","title":{"rendered":"IDJ\u00fcM 2018 &#8211; Tag 8 &#8211; 02.08.2018"},"content":{"rendered":"<p>F\u00fcr heute ist die Steuermannbesprechung um 09:30 Uhr angesetzt, weil schon am Morgen Wind kommen soll. Hmm, leider nicht wirklich. Um 10:30 Uhr berichtet Inge, dass die Segler*innen mit ihren Booten wieder reinkommen, weil kein L\u00fcftchen weht \u2013 dabei waren sie erst etwa 30 Minuten auf dem Wasser. Es soll aber noch Wind kommen, weswegen eine Startverschiebung ausgesprochen wird!<\/p>\n<p><!--more--><\/p>\n<figure id=\"attachment_828\" aria-describedby=\"caption-attachment-828\" style=\"width: 525px\" class=\"wp-caption aligncenter\"><img loading=\"lazy\" class=\"size-large wp-image-828\" src=\"http:\/\/ycm-berlin.de\/blog\/wp-content\/uploads\/2018\/08\/IMG-20180802-WA0008-768x1024.jpg\" alt=\"\" width=\"525\" height=\"700\" srcset=\"https:\/\/ycm-berlin.de\/blog\/wp-content\/uploads\/2018\/08\/IMG-20180802-WA0008-768x1024.jpg 768w, https:\/\/ycm-berlin.de\/blog\/wp-content\/uploads\/2018\/08\/IMG-20180802-WA0008-225x300.jpg 225w, https:\/\/ycm-berlin.de\/blog\/wp-content\/uploads\/2018\/08\/IMG-20180802-WA0008.jpg 1200w\" sizes=\"(max-width: 525px) 100vw, 525px\" \/><figcaption id=\"caption-attachment-828\" class=\"wp-caption-text\">Unser Team kommt rein. Vorschoter Pepe muss ins Wasser und das Boot vorsichtig in den Hafen schieben.<br \/>Foto: Inge Neumerkel<\/figcaption><\/figure>\n<p>Und in dem Moment, wo auch das letzte Boot an Land steht, frischt der Wind auf. Weil kurz zuvor jedoch die Startverschiebung ausgesprochen wurde, k\u00f6nnen die Segler*innen leider nicht direkt wieder ins Wasser, sondern m\u00fcssen bis zum Start in zwei Stunden warten. Oh man, das ist sehr frustrierend. Sogar Jens Hahlbrock l\u00e4uft ganz nerv\u00f6s auf und ab und beobachtet den Wind, der sp\u00e4ter sicherlich wieder weg sein wird.<br \/>\nAnna \u00e4rgert sich sehr! Sie bef\u00fcrchtet, dass auch heute keine Wettfahrten mehr stattfinden, dabei m\u00f6chte sie doch gerne den 27. Platz streichen, um noch Pl\u00e4tze nach vorne gut zu machen.<\/p>\n<p>Um 11:40 Uhr kommt dann die Erl\u00f6sung! Jens Hahlbrock entscheidet: \u201eWir starten doch!\u201c Nun warten sie, dass alle Segler*innen wieder zur\u00fcck sind, erst dann geht es wieder aufs Wasser. Manche haben n\u00e4mlich die Startverschiebung genutzt, um Einkaufen zu gehen. Hoffentlich schaffen sie mindestens eine Wettfahrt.<\/p>\n<p>Wettfahrt 1: Abgebrochen, wegen zu wenig Wind.<br \/>\nWettfahrt 2: Abgebrochen, wegen falscher Flaggenhissung.<br \/>\nWettfahrt 3: Durchgezogen! Anna &amp; Pepe segeln auf Platz 17.<br \/>\nDie Ergebnisse sind bei <a href=\"https:\/\/www.manage2sail.com\/ch\/event\/504cd0a1-0d54-4dda-92fc-a87c69d4b5b3#!\/results?classId=297bd9d4-6819-4e51-9a10-4424b3f36dfc\" target=\"_blank\" rel=\"noopener noreferrer\">manage2sail<\/a> einsehbar.<\/p>\n<p>Nachdem alle wieder zur\u00fcck an Land sind, meldet Anna ihren ersten Protest an. Sie protestiert gegen das Team \u201eDream Team\u201c. Was war passiert? Etwa f\u00fcnf Sekunden vor dem Start wollte Anna hoch an die Startlinie fahren. Dabei nahm ihr das Team \u201eDream Team\u201c die Vorfahrt. Anna konnte leider auch nicht ausweichen, weil direkt hinter ihr ein anderes Boot war. Am Ende war Anna leider an einem reibungslosen Start gehindert und verlor wirklich viele Pl\u00e4tze. Das ist wirklich unglaublich schade! Der Protest zog sich. Etwa 18:15 Uhr kommt die Nachricht von Inge. \u00dcber zwei Stunden dauerte es demnach, bis eine Entscheidung des Protestkomitees feststand. Annas Protest wurde stattgegeben. Team \u201eDream Team\u201c wurde f\u00fcr die Wettfahrt disqualifiziert.<\/p>\n<p>Danach gehen Anna &amp; Pepe mit ihrer Familie bei McDonalds essen &#8211; das haben sich die Kids gew\u00fcnscht. Den Abend l\u00e4sst Anna in Gesellschaft der M\u00e4dels von Siebo ausklingen.<\/p>\n","protected":false},"excerpt":{"rendered":"<p>F\u00fcr heute ist die Steuermannbesprechung um 09:30 Uhr angesetzt, weil schon am Morgen Wind kommen soll. Hmm, leider nicht wirklich. Um 10:30 Uhr berichtet Inge, dass die Segler*innen mit ihren Booten wieder reinkommen, weil kein L\u00fcftchen weht \u2013 dabei waren sie erst etwa 30 Minuten auf dem Wasser. Es soll aber noch Wind kommen, weswegen &hellip; <\/p>\n<p class=\"link-more\"><a href=\"https:\/\/ycm-berlin.de\/blog\/idjuem-2018-tag-9-02-08-2018\/\" class=\"more-link\"><span class=\"screen-reader-text\">\u201eIDJ\u00fcM 2018 &#8211; Tag 8 &#8211; 02.08.2018\u201c<\/span> weiterlesen<\/a><\/p>\n","protected":false},"author":2,"featured_media":827,"comment_status":"open","ping_status":"closed","sticky":false,"template":"","format":"standard","meta":[],"categories":[13],"tags":[10,9,29,48,58,39,7,37],"_links":{"self":[{"href":"https:\/\/ycm-berlin.de\/blog\/wp-json\/wp\/v2\/posts\/822"}],"collection":[{"href":"https:\/\/ycm-berlin.de\/blog\/wp-json\/wp\/v2\/posts"}],"about":[{"href":"https:\/\/ycm-berlin.de\/blog\/wp-json\/wp\/v2\/types\/post"}],"author":[{"embeddable":true,"href":"https:\/\/ycm-berlin.de\/blog\/wp-json\/wp\/v2\/users\/2"}],"replies":[{"embeddable":true,"href":"https:\/\/ycm-berlin.de\/blog\/wp-json\/wp\/v2\/comments?post=822"}],"version-history":[{"count":9,"href":"https:\/\/ycm-berlin.de\/blog\/wp-json\/wp\/v2\/posts\/822\/revisions"}],"predecessor-version":[{"id":1363,"href":"https:\/\/ycm-berlin.de\/blog\/wp-json\/wp\/v2\/posts\/822\/revisions\/1363"}],"wp:featuredmedia":[{"embeddable":true,"href":"https:\/\/ycm-berlin.de\/blog\/wp-json\/wp\/v2\/media\/827"}],"wp:attachment":[{"href":"https:\/\/ycm-berlin.de\/blog\/wp-json\/wp\/v2\/media?parent=822"}],"wp:term":[{"taxonomy":"category","embeddable":true,"href":"https:\/\/ycm-berlin.de\/blog\/wp-json\/wp\/v2\/categories?post=822"},{"taxonomy":"post_tag","embeddable":true,"href":"https:\/\/ycm-berlin.de\/blog\/wp-json\/wp\/v2\/tags?post=822"}],"curies":[{"name":"wp","href":"https:\/\/api.w.org\/{rel}","templated":true}]}}