{"id":519,"date":"2018-05-15T00:10:29","date_gmt":"2018-05-14T22:10:29","guid":{"rendered":"http:\/\/ycm-berlin.de\/blog\/?p=519"},"modified":"2020-10-17T17:30:10","modified_gmt":"2020-10-17T15:30:10","slug":"kellersee-trophy-schoen-wars","status":"publish","type":"post","link":"https:\/\/ycm-berlin.de\/blog\/kellersee-trophy-schoen-wars\/","title":{"rendered":"Kellersee Trophy &#8211; Sch\u00f6n war\u00b4s!"},"content":{"rendered":"<p>Heute ist der letzte Tag unserer ersten gro\u00dfen Regatta in dieser Saison. Noch eine Wettfahrt steht an &amp; die Siegerehrung und dann geht es schon wieder nach Hause. Hoffentlich schaffen wir es noch ein St\u00fcck weiter nach vorne.<\/p>\n<p><!--more--><\/p>\n<p>Wie gewohnt war um 10:00 Uhr die Steuermannsbesprechung und anschlie\u00dfend ging es direkt auf\u00b4s Wasser! Ein wenig schwinden die Kr\u00e4fte, was man bei der letzten Wettfahrt leider auch merkt, denn leider kommen Anna &amp; Pepe nur als 28. ins Ziel. Macht aber gar nichts, denn schlie\u00dflich hat man einen Streicher! Man muss auch nochmal ganz klar erw\u00e4hnen, dass Pepe mit der Kellersee Trophy seine erste richtig gro\u00dfe Regatta gesegelt ist &#8211; und das mit nur 8 Jahren! Er hat sich bei allen sechs Wettfahrten wirklich super geschlagen und seine gro\u00dfe Schwester nat\u00fcrlich auch!<\/p>\n<figure id=\"attachment_525\" aria-describedby=\"caption-attachment-525\" style=\"width: 525px\" class=\"wp-caption aligncenter\"><img loading=\"lazy\" class=\"size-large wp-image-525\" src=\"http:\/\/ycm-berlin.de\/blog\/wp-content\/uploads\/2018\/05\/IMG-20180513-WA0007-1024x768.jpg\" alt=\"\" width=\"525\" height=\"394\" srcset=\"https:\/\/ycm-berlin.de\/blog\/wp-content\/uploads\/2018\/05\/IMG-20180513-WA0007-1024x768.jpg 1024w, https:\/\/ycm-berlin.de\/blog\/wp-content\/uploads\/2018\/05\/IMG-20180513-WA0007-300x225.jpg 300w, https:\/\/ycm-berlin.de\/blog\/wp-content\/uploads\/2018\/05\/IMG-20180513-WA0007-768x576.jpg 768w, https:\/\/ycm-berlin.de\/blog\/wp-content\/uploads\/2018\/05\/IMG-20180513-WA0007.jpg 1032w\" sizes=\"(max-width: 525px) 100vw, 525px\" \/><figcaption id=\"caption-attachment-525\" class=\"wp-caption-text\">Siegerehrung bei bestem Wetter!<br \/>Foto: Inge Neumerkel<\/figcaption><\/figure>\n<p>Um 14:00 Uhr versammeln sich alle zur Siegerehrung. Am Ende landet unser Team &#8220;Viel zu schnell&#8221; auf den 18. Platz! Wir freuen uns ganz doll und gratulieren herzlich! Ihr habt das super gemacht. Wir gratulieren auch ganz herzlich Stefan &amp; Moritz (<a href=\"http:\/\/www.svss.de\/\" target=\"_blank\" rel=\"noopener noreferrer\">SVSS<\/a>) zum ersten Platz, Oke &amp; Elise (<a href=\"http:\/\/www.psv1908.de\/\" target=\"_blank\" rel=\"noopener noreferrer\">PSV 1908<\/a>) zum zweiten Platz sowie Mathies &amp; Simon (<a href=\"https:\/\/www.svmg.de\/wordpress\/\" target=\"_blank\" rel=\"noopener noreferrer\">SVMG<\/a>) zum dritten Platz. Wer sich alle Ergebnisse nochmal ansehen m\u00f6chte, kann das bei <a href=\"http:\/\/www.raceoffice.org\/viewer.php?eid=12636757145a6624ab1b50c&amp;file=http%3A%2F%2Fwww.raceoffice.org%2Fdata%2F9079039202.html%3Fchanged%3D2018-05-13+14%3A44%3A03&amp;mode=html\" target=\"_blank\" rel=\"noopener noreferrer\">Raceoffice<\/a> machen. Dort ist auch die Jahresrangliste zu finden.<\/p>\n<figure id=\"attachment_524\" aria-describedby=\"caption-attachment-524\" style=\"width: 525px\" class=\"wp-caption aligncenter\"><img loading=\"lazy\" class=\"size-large wp-image-524\" src=\"http:\/\/ycm-berlin.de\/blog\/wp-content\/uploads\/2018\/05\/IMG-20180513-WA0008-768x1024.jpg\" alt=\"\" width=\"525\" height=\"700\" srcset=\"https:\/\/ycm-berlin.de\/blog\/wp-content\/uploads\/2018\/05\/IMG-20180513-WA0008-768x1024.jpg 768w, https:\/\/ycm-berlin.de\/blog\/wp-content\/uploads\/2018\/05\/IMG-20180513-WA0008-225x300.jpg 225w, https:\/\/ycm-berlin.de\/blog\/wp-content\/uploads\/2018\/05\/IMG-20180513-WA0008.jpg 774w\" sizes=\"(max-width: 525px) 100vw, 525px\" \/><figcaption id=\"caption-attachment-524\" class=\"wp-caption-text\">Team &#8220;Viel zu schnell&#8221; Platz 18 von 40! Klasse gemacht!<br \/>Foto: Inge Neumerkel<\/figcaption><\/figure>\n<p>Obwohl wir bereits am Vormittag die Zelte abgebaut und alle Sachen gepackt hatten, sind wir erst gegen halb f\u00fcnf zur Abfahrt bereit. Trotz freier Fahrt erreichen wir unser Zuhause erst um 23:00 Uhr. Nun aber schnell in die Betten, denn morgen ist Schule! Gute Nacht!<\/p>\n<p>P.s.: Wir fanden es mal wieder richtig sch\u00f6n in Malente und kommen gerne wieder. Wir bedanken uns bei den Gastgebern f\u00fcr die tolle Organisation und hoffen sehr, dass wir einige Gesichter sp\u00e4testens zum Preis von Lindwerder wiedersehen!<br \/>\nBis dahin eine sch\u00f6ne Zeit!<\/p>\n","protected":false},"excerpt":{"rendered":"<p>Heute ist der letzte Tag unserer ersten gro\u00dfen Regatta in dieser Saison. Noch eine Wettfahrt steht an &amp; die Siegerehrung und dann geht es schon wieder nach Hause. Hoffentlich schaffen wir es noch ein St\u00fcck weiter nach vorne.<\/p>\n","protected":false},"author":2,"featured_media":523,"comment_status":"open","ping_status":"closed","sticky":false,"template":"","format":"standard","meta":[],"categories":[26],"tags":[49,29,48,19,39],"_links":{"self":[{"href":"https:\/\/ycm-berlin.de\/blog\/wp-json\/wp\/v2\/posts\/519"}],"collection":[{"href":"https:\/\/ycm-berlin.de\/blog\/wp-json\/wp\/v2\/posts"}],"about":[{"href":"https:\/\/ycm-berlin.de\/blog\/wp-json\/wp\/v2\/types\/post"}],"author":[{"embeddable":true,"href":"https:\/\/ycm-berlin.de\/blog\/wp-json\/wp\/v2\/users\/2"}],"replies":[{"embeddable":true,"href":"https:\/\/ycm-berlin.de\/blog\/wp-json\/wp\/v2\/comments?post=519"}],"version-history":[{"count":8,"href":"https:\/\/ycm-berlin.de\/blog\/wp-json\/wp\/v2\/posts\/519\/revisions"}],"predecessor-version":[{"id":1318,"href":"https:\/\/ycm-berlin.de\/blog\/wp-json\/wp\/v2\/posts\/519\/revisions\/1318"}],"wp:featuredmedia":[{"embeddable":true,"href":"https:\/\/ycm-berlin.de\/blog\/wp-json\/wp\/v2\/media\/523"}],"wp:attachment":[{"href":"https:\/\/ycm-berlin.de\/blog\/wp-json\/wp\/v2\/media?parent=519"}],"wp:term":[{"taxonomy":"category","embeddable":true,"href":"https:\/\/ycm-berlin.de\/blog\/wp-json\/wp\/v2\/categories?post=519"},{"taxonomy":"post_tag","embeddable":true,"href":"https:\/\/ycm-berlin.de\/blog\/wp-json\/wp\/v2\/tags?post=519"}],"curies":[{"name":"wp","href":"https:\/\/api.w.org\/{rel}","templated":true}]}}