{"id":48,"date":"2017-06-20T14:05:09","date_gmt":"2017-06-20T12:05:09","guid":{"rendered":"http:\/\/ycm-berlin.de\/blog\/?p=48"},"modified":"2018-09-23T21:09:28","modified_gmt":"2018-09-23T19:09:28","slug":"willkommen","status":"publish","type":"post","link":"https:\/\/ycm-berlin.de\/blog\/willkommen\/","title":{"rendered":"Willkommen auf unserem Blog!"},"content":{"rendered":"<p>Ab heute ist es endlich soweit; unser Jugend-Blog des Yacht-Club M\u00fcggelsee ist nun endlich online. Hier werden die Vereinsjugend sowie deren Trainer regelm\u00e4\u00dfig \u00fcber ihre Aktivit\u00e4ten, aktuelle Ereignisse, Trainingseinheiten, Regatten &amp; Erfolge und eben \u00fcber das ganz normale Vereinsleben berichten. Im Laufe der kommenden Jahre wird somit die Jugendarbeit des YCM etwas transparenter und als sch\u00f6ne Erinnerung festgehalten.<\/p>\n<p>Wir w\u00fcnschen uns f\u00fcr die Zukunft einen lebendigen Austausch mit allen, die auf unseren Blog gefunden haben und hoffen sehr, dass wir euch etwas mit unserer Segelleidenschaft anstecken k\u00f6nnen.<\/p>\n<p>Habt viel Spa\u00df, eure YCM-Jugend<\/p>\n","protected":false},"excerpt":{"rendered":"<p>Ab heute ist es endlich soweit; unser Jugend-Blog des Yacht-Club M\u00fcggelsee ist nun endlich online. Hier werden die Vereinsjugend sowie deren Trainer regelm\u00e4\u00dfig \u00fcber ihre Aktivit\u00e4ten, aktuelle Ereignisse, Trainingseinheiten, Regatten &amp; Erfolge und eben \u00fcber das ganz normale Vereinsleben berichten. Im Laufe der kommenden Jahre wird somit die Jugendarbeit des YCM etwas transparenter und als &hellip; <\/p>\n<p class=\"link-more\"><a href=\"https:\/\/ycm-berlin.de\/blog\/willkommen\/\" class=\"more-link\"><span class=\"screen-reader-text\">\u201eWillkommen auf unserem Blog!\u201c<\/span> weiterlesen<\/a><\/p>\n","protected":false},"author":1,"featured_media":56,"comment_status":"open","ping_status":"closed","sticky":false,"template":"","format":"standard","meta":[],"categories":[1],"tags":[],"_links":{"self":[{"href":"https:\/\/ycm-berlin.de\/blog\/wp-json\/wp\/v2\/posts\/48"}],"collection":[{"href":"https:\/\/ycm-berlin.de\/blog\/wp-json\/wp\/v2\/posts"}],"about":[{"href":"https:\/\/ycm-berlin.de\/blog\/wp-json\/wp\/v2\/types\/post"}],"author":[{"embeddable":true,"href":"https:\/\/ycm-berlin.de\/blog\/wp-json\/wp\/v2\/users\/1"}],"replies":[{"embeddable":true,"href":"https:\/\/ycm-berlin.de\/blog\/wp-json\/wp\/v2\/comments?post=48"}],"version-history":[{"count":8,"href":"https:\/\/ycm-berlin.de\/blog\/wp-json\/wp\/v2\/posts\/48\/revisions"}],"predecessor-version":[{"id":105,"href":"https:\/\/ycm-berlin.de\/blog\/wp-json\/wp\/v2\/posts\/48\/revisions\/105"}],"wp:featuredmedia":[{"embeddable":true,"href":"https:\/\/ycm-berlin.de\/blog\/wp-json\/wp\/v2\/media\/56"}],"wp:attachment":[{"href":"https:\/\/ycm-berlin.de\/blog\/wp-json\/wp\/v2\/media?parent=48"}],"wp:term":[{"taxonomy":"category","embeddable":true,"href":"https:\/\/ycm-berlin.de\/blog\/wp-json\/wp\/v2\/categories?post=48"},{"taxonomy":"post_tag","embeddable":true,"href":"https:\/\/ycm-berlin.de\/blog\/wp-json\/wp\/v2\/tags?post=48"}],"curies":[{"name":"wp","href":"https:\/\/api.w.org\/{rel}","templated":true}]}}