{"id":433,"date":"2017-12-21T13:46:57","date_gmt":"2017-12-21T12:46:57","guid":{"rendered":"http:\/\/ycm-berlin.de\/blog\/?p=433"},"modified":"2020-10-12T23:59:34","modified_gmt":"2020-10-12T21:59:34","slug":"mein-segeljahr-2017-ein-bericht-von-sebastian","status":"publish","type":"post","link":"https:\/\/ycm-berlin.de\/blog\/mein-segeljahr-2017-ein-bericht-von-sebastian\/","title":{"rendered":"Mein Segeljahr 2017 &#8211; Ein Bericht von Sebastian"},"content":{"rendered":"<p>Liebe Segelfreunde,<\/p>\n<p>Die vergangene Segelsaison hat mir wieder sehr viel Spa\u00df gemacht. Auch wenn das Wetter nicht immer gestimmt hat und es oft geregnet hat, konnten wir doch ein paar Mal mit unseren Booten den Wind genie\u00dfen.<br \/>\nNeben dem typischen Training segelten wir auch in diesem Jahr wieder l\u00e4ngere Strecken.<!--more--><\/p>\n<p>So sind wir gleich zu Beginn der Saison einmal rund um Schwanenwerder zum Berliner Yacht Club gesegelt, um uns dort zu st\u00e4rken. Der R\u00fcckweg war spannend, weil wir erstmal kreuzen mussten, um aus der Bucht zu gelangen. Kaum waren wir um Schwanenwerder herum, ging es auf Vorwindkurs richtig ab und wir hatten viel Spa\u00df.\u00a0 Bald danach gab es die erste Freundschaftsregatta mit dem <a href=\"http:\/\/www.deutscherseglerclub.de\/\">DSC<\/a>, die bei recht wenig Wind stattgefunden hat. Daf\u00fcr war das Essen danach wie immer hervorragend.<\/p>\n<p>In den Sommerferien konnte ich diesmal auch den sonst so friedlichen W\u00f6rthersee in \u00d6sterreich von einer ganz anderen Seite kennenlernen. Mit Freunden waren wir beim Segeln, als es richtig st\u00fcrmisch wurde und eine dunkle Wolkenwand uns sehr viel Wind brachte. Nachdem der erste Schreck \u00fcberwunden war, segelten wir mit einem Affenzahn auf der Welle, richtiges Segeln also.<\/p>\n<figure id=\"attachment_452\" aria-describedby=\"caption-attachment-452\" style=\"width: 525px\" class=\"wp-caption aligncenter\"><img loading=\"lazy\" class=\"size-large wp-image-452\" src=\"http:\/\/ycm-berlin.de\/blog\/wp-content\/uploads\/2017\/12\/YCM-Fahne-1-1024x768.jpg\" alt=\"\" width=\"525\" height=\"394\" srcset=\"https:\/\/ycm-berlin.de\/blog\/wp-content\/uploads\/2017\/12\/YCM-Fahne-1-1024x768.jpg 1024w, https:\/\/ycm-berlin.de\/blog\/wp-content\/uploads\/2017\/12\/YCM-Fahne-1-300x225.jpg 300w, https:\/\/ycm-berlin.de\/blog\/wp-content\/uploads\/2017\/12\/YCM-Fahne-1-768x576.jpg 768w, https:\/\/ycm-berlin.de\/blog\/wp-content\/uploads\/2017\/12\/YCM-Fahne-1.jpg 2016w\" sizes=\"(max-width: 525px) 100vw, 525px\" \/><figcaption id=\"caption-attachment-452\" class=\"wp-caption-text\">Foto: Lukas Koller<\/figcaption><\/figure>\n<p>Zur\u00fcck in Berlin ging es wieder weiter mit dem Training, um uns auf die zweite Freundschaftsregatta mit dem <a href=\"http:\/\/www.deutscherseglerclub.de\/\" target=\"_blank\" rel=\"noopener noreferrer\">DSC<\/a> vorzubereiten. Diese fand im September statt und es gab richtig guten Wind. Nach einem verbockten Start gelang es mir, einen etwas gewagteren Kurs zu nehmen und mein Plan ging voll auf und ich konnte zumindest drei Pl\u00e4tze gut machen. Am Ende habe ich den zweiten Platz gemacht, aber es wurmt mich immer noch, dass Pia vom <a href=\"http:\/\/www.deutscherseglerclub.de\/\" target=\"_blank\" rel=\"noopener noreferrer\">DSC<\/a> schon zum gef\u00fchlten hundertsten Mal die Regatta gewann. Wir werden sehen, es kommt ja gleich die n\u00e4chste Saison. Zum Abschluss des Trainings fuhren wir zum Deutsch Britischen Yachtclub auf eine hei\u00dfe Schokolade.<\/p>\n<p>F\u00fcr das n\u00e4chste Jahr w\u00fcnsche ich mir besseres Wetter und viel Wind, damit ich meinen Opti \u00fcber die Wellen peitschen kann.<\/p>\n<p>Viel Gr\u00fc\u00dfe,<br \/>\nSebastian<\/p>\n","protected":false},"excerpt":{"rendered":"<p>Liebe Segelfreunde, Die vergangene Segelsaison hat mir wieder sehr viel Spa\u00df gemacht. Auch wenn das Wetter nicht immer gestimmt hat und es oft geregnet hat, konnten wir doch ein paar Mal mit unseren Booten den Wind genie\u00dfen. Neben dem typischen Training segelten wir auch in diesem Jahr wieder l\u00e4ngere Strecken.<\/p>\n","protected":false},"author":2,"featured_media":449,"comment_status":"open","ping_status":"closed","sticky":false,"template":"","format":"standard","meta":[],"categories":[31],"tags":[36,38,35],"_links":{"self":[{"href":"https:\/\/ycm-berlin.de\/blog\/wp-json\/wp\/v2\/posts\/433"}],"collection":[{"href":"https:\/\/ycm-berlin.de\/blog\/wp-json\/wp\/v2\/posts"}],"about":[{"href":"https:\/\/ycm-berlin.de\/blog\/wp-json\/wp\/v2\/types\/post"}],"author":[{"embeddable":true,"href":"https:\/\/ycm-berlin.de\/blog\/wp-json\/wp\/v2\/users\/2"}],"replies":[{"embeddable":true,"href":"https:\/\/ycm-berlin.de\/blog\/wp-json\/wp\/v2\/comments?post=433"}],"version-history":[{"count":8,"href":"https:\/\/ycm-berlin.de\/blog\/wp-json\/wp\/v2\/posts\/433\/revisions"}],"predecessor-version":[{"id":1253,"href":"https:\/\/ycm-berlin.de\/blog\/wp-json\/wp\/v2\/posts\/433\/revisions\/1253"}],"wp:featuredmedia":[{"embeddable":true,"href":"https:\/\/ycm-berlin.de\/blog\/wp-json\/wp\/v2\/media\/449"}],"wp:attachment":[{"href":"https:\/\/ycm-berlin.de\/blog\/wp-json\/wp\/v2\/media?parent=433"}],"wp:term":[{"taxonomy":"category","embeddable":true,"href":"https:\/\/ycm-berlin.de\/blog\/wp-json\/wp\/v2\/categories?post=433"},{"taxonomy":"post_tag","embeddable":true,"href":"https:\/\/ycm-berlin.de\/blog\/wp-json\/wp\/v2\/tags?post=433"}],"curies":[{"name":"wp","href":"https:\/\/api.w.org\/{rel}","templated":true}]}}