{"id":398,"date":"2017-10-01T22:10:26","date_gmt":"2017-10-01T20:10:26","guid":{"rendered":"http:\/\/ycm-berlin.de\/blog\/?p=398"},"modified":"2020-10-12T23:30:58","modified_gmt":"2020-10-12T21:30:58","slug":"398-2","status":"publish","type":"post","link":"https:\/\/ycm-berlin.de\/blog\/398-2\/","title":{"rendered":"So war der Teeny Ausklang in Berlin"},"content":{"rendered":"<p>Hallo Ihr Lieben hier kommt der Bericht \u00fcber die Regatta vom <a href=\"https:\/\/www.tsv-berlin.de\/index.php\/home.html\" target=\"_blank\" rel=\"noopener noreferrer\">TSV<\/a><\/p>\n<p>Am Freitag sind wir gegen 16:30 Uhr los nach Tegel zum Teeny Ausklang (<a href=\"https:\/\/www.tsv-berlin.de\/index.php\/home.html\" target=\"_blank\" rel=\"noopener noreferrer\">TSV<\/a>). Ziemlich abenteuerlich. Wir m\u00fcssen die Spandauer Schleuse passieren und unter einer Menge Br\u00fccken durchfahren. Im Moment ist das Wasser nicht hoch, von daher kommen wir \u00fcberall locker durch. Das ist ganz sch\u00f6n anstrengend, weil wir ca. zwei Stunden unterwegs sind.<\/p>\n<p><!--more--><\/p>\n<figure id=\"attachment_399\" aria-describedby=\"caption-attachment-399\" style=\"width: 525px\" class=\"wp-caption aligncenter\"><img loading=\"lazy\" class=\"wp-image-399 size-large\" src=\"http:\/\/ycm-berlin.de\/blog\/wp-content\/uploads\/2017\/10\/20170929_182851-1024x576.jpg\" alt=\"\" width=\"525\" height=\"295\" srcset=\"https:\/\/ycm-berlin.de\/blog\/wp-content\/uploads\/2017\/10\/20170929_182851-1024x576.jpg 1024w, https:\/\/ycm-berlin.de\/blog\/wp-content\/uploads\/2017\/10\/20170929_182851-300x169.jpg 300w, https:\/\/ycm-berlin.de\/blog\/wp-content\/uploads\/2017\/10\/20170929_182851-768x432.jpg 768w, https:\/\/ycm-berlin.de\/blog\/wp-content\/uploads\/2017\/10\/20170929_182851.jpg 1280w\" sizes=\"(max-width: 525px) 100vw, 525px\" \/><figcaption id=\"caption-attachment-399\" class=\"wp-caption-text\">Foto: Ingrid Neumerkel<\/figcaption><\/figure>\n<p>Am Samstag geht es los, um 09:45 Uhr ist die Steuermannsbesprechung und um 11:00 Uhr der erste Start. Die Regattabahn verl\u00e4uft \u00fcber die ganze Breite des Sees und es wird &#8220;Start 123 123 123 Ziel&#8221; gefahren. Das war ganz sch\u00f6n viel und lange f\u00fcr die Anf\u00e4nger, muss ich mal sagen.\u00a0 Der erste Durchlauf klappt super. Eigentlich ist die Regatta nur ein Testlauf, ob der Pepe das \u00fcberhaupt schafft (mit seinen bald 8 Jahren). Aber die beiden haben sogar den Spi hochgezogen. Alles mit Mithilfe und Anweisungen von Anna (Anna war abends ziemlich geschafft). Beim zweiten Durchlauf macht Anna einen Fr\u00fchstart und schafft es nicht mehr an die anderen heranzukommen. Mittendrin f\u00e4hrt dann auch noch ein Ausflugsdampfer durch das Feld. In der zweiten Wettfahrt sind sich Pepe und Anna dann auch noch am Streiten und Pepe will nat\u00fcrlich sofort aussteigen, aber durch ein bisschen Zureden entscheidet er sich weiter zu machen. Gottseidank, denn bei der dritten Wettfahrt fahren sie auf einmal auf dem zweiten Platz um die erste Tonne, bei der zweiten Umrundung sind sie immerhin noch auf dem vierten Platz. Wow, denke ich, dass ist ja toll. Leider k\u00f6nnen sie den Platz nicht halten.\u00a0 In der letzen Runde frischt der Wind auf und Pepe traut sich nicht so weit ins Trapez, sodass Anna die Segel ein wenig aufmachen muss. Dann rutscht auch noch die Spi-Leine unter das Boot und h\u00e4ngt fest. Naja, macht nix.\u00a0 Wir fahren rein und bekommen Burger zum Essen und dann geht es ab nach Hause.<\/p>\n<figure id=\"attachment_402\" aria-describedby=\"caption-attachment-402\" style=\"width: 525px\" class=\"wp-caption aligncenter\"><img loading=\"lazy\" class=\"wp-image-402 size-large\" src=\"http:\/\/ycm-berlin.de\/blog\/wp-content\/uploads\/2017\/10\/20170930_133018-e1506886227610-576x1024.jpg\" alt=\"\" width=\"525\" height=\"933\" srcset=\"https:\/\/ycm-berlin.de\/blog\/wp-content\/uploads\/2017\/10\/20170930_133018-e1506886227610-576x1024.jpg 576w, https:\/\/ycm-berlin.de\/blog\/wp-content\/uploads\/2017\/10\/20170930_133018-e1506886227610-169x300.jpg 169w, https:\/\/ycm-berlin.de\/blog\/wp-content\/uploads\/2017\/10\/20170930_133018-e1506886227610.jpg 720w\" sizes=\"(max-width: 525px) 100vw, 525px\" \/><figcaption id=\"caption-attachment-402\" class=\"wp-caption-text\">Foto: Ingrid Neumerkel<\/figcaption><\/figure>\n<p>Sonntag ist die Wettfahrt f\u00fcr 11:00 Uhr angesetzt. Schon beim Losfahren bemerken wir den feinen Nieselregen. In Tegel angekommen brauchen wir die Boote gar nicht aufzubauen. Es regnet und regnet. Wind gibt es auch keinen. Mist. Irgendwann kommt dann die Ansage, dass keine Wettfahrt stattfindet. Also wird der Grill angeschmissen und es gibt W\u00fcrstchen, Burger und Kuchen. Nach der Siegerehrung m\u00fcssen wir nat\u00fcrlich noch den ganzen Weg nach Lindwerder. Ich bin so froh, dass es nicht mehr regnet und wir im Trockenen nach Hause kommen. Papa wartet schon auf uns und mit KD zusammen holen wir den Teeny und das Schlauchboot aus dem Wasser. Vielen Dank daf\u00fcr.<\/p>\n<figure id=\"attachment_401\" aria-describedby=\"caption-attachment-401\" style=\"width: 525px\" class=\"wp-caption aligncenter\"><img loading=\"lazy\" class=\"wp-image-401 size-large\" src=\"http:\/\/ycm-berlin.de\/blog\/wp-content\/uploads\/2017\/10\/20171001_143958-e1506886129183-576x1024.jpg\" alt=\"\" width=\"525\" height=\"933\" srcset=\"https:\/\/ycm-berlin.de\/blog\/wp-content\/uploads\/2017\/10\/20171001_143958-e1506886129183-576x1024.jpg 576w, https:\/\/ycm-berlin.de\/blog\/wp-content\/uploads\/2017\/10\/20171001_143958-e1506886129183-169x300.jpg 169w, https:\/\/ycm-berlin.de\/blog\/wp-content\/uploads\/2017\/10\/20171001_143958-e1506886129183.jpg 720w\" sizes=\"(max-width: 525px) 100vw, 525px\" \/><figcaption id=\"caption-attachment-401\" class=\"wp-caption-text\">Foto: Ingrid Neumerkel<\/figcaption><\/figure>\n<p>Anna und Pepe belegen bei den Wettfahrten den 7., 13. und 8. Platz. Leider sind sie trotzdem insgesamt nur auf dem 11. Platz gelandet. Pepe war stolz wie Oskar und freut sich \u00fcber seine Urkunde. Eine Powerbank gab es auch noch f\u00fcr jeden dazu.<\/p>\n<figure id=\"attachment_400\" aria-describedby=\"caption-attachment-400\" style=\"width: 525px\" class=\"wp-caption aligncenter\"><img loading=\"lazy\" class=\"wp-image-400 size-large\" src=\"http:\/\/ycm-berlin.de\/blog\/wp-content\/uploads\/2017\/10\/20171001_131401-e1506885799539-576x1024.jpg\" alt=\"\" width=\"525\" height=\"933\" srcset=\"https:\/\/ycm-berlin.de\/blog\/wp-content\/uploads\/2017\/10\/20171001_131401-e1506885799539-576x1024.jpg 576w, https:\/\/ycm-berlin.de\/blog\/wp-content\/uploads\/2017\/10\/20171001_131401-e1506885799539-169x300.jpg 169w, https:\/\/ycm-berlin.de\/blog\/wp-content\/uploads\/2017\/10\/20171001_131401-e1506885799539.jpg 720w\" sizes=\"(max-width: 525px) 100vw, 525px\" \/><figcaption id=\"caption-attachment-400\" class=\"wp-caption-text\">Foto: Ingrid Neumerkel<\/figcaption><\/figure>\n<p>So, das war es f\u00fcr dieses Jahr mit Regatten, aber wir freuen uns schon auf das n\u00e4chste Jahr.<\/p>\n","protected":false},"excerpt":{"rendered":"<p>Hallo Ihr Lieben hier kommt der Bericht \u00fcber die Regatta vom TSV Am Freitag sind wir gegen 16:30 Uhr los nach Tegel zum Teeny Ausklang (TSV). Ziemlich abenteuerlich. Wir m\u00fcssen die Spandauer Schleuse passieren und unter einer Menge Br\u00fccken durchfahren. Im Moment ist das Wasser nicht hoch, von daher kommen wir \u00fcberall locker durch. Das &hellip; <\/p>\n<p class=\"link-more\"><a href=\"https:\/\/ycm-berlin.de\/blog\/398-2\/\" class=\"more-link\"><span class=\"screen-reader-text\">\u201eSo war der Teeny Ausklang in Berlin\u201c<\/span> weiterlesen<\/a><\/p>\n","protected":false},"author":6,"featured_media":0,"comment_status":"open","ping_status":"closed","sticky":false,"template":"","format":"standard","meta":[],"categories":[26],"tags":[29,19,30,7],"_links":{"self":[{"href":"https:\/\/ycm-berlin.de\/blog\/wp-json\/wp\/v2\/posts\/398"}],"collection":[{"href":"https:\/\/ycm-berlin.de\/blog\/wp-json\/wp\/v2\/posts"}],"about":[{"href":"https:\/\/ycm-berlin.de\/blog\/wp-json\/wp\/v2\/types\/post"}],"author":[{"embeddable":true,"href":"https:\/\/ycm-berlin.de\/blog\/wp-json\/wp\/v2\/users\/6"}],"replies":[{"embeddable":true,"href":"https:\/\/ycm-berlin.de\/blog\/wp-json\/wp\/v2\/comments?post=398"}],"version-history":[{"count":10,"href":"https:\/\/ycm-berlin.de\/blog\/wp-json\/wp\/v2\/posts\/398\/revisions"}],"predecessor-version":[{"id":1230,"href":"https:\/\/ycm-berlin.de\/blog\/wp-json\/wp\/v2\/posts\/398\/revisions\/1230"}],"wp:attachment":[{"href":"https:\/\/ycm-berlin.de\/blog\/wp-json\/wp\/v2\/media?parent=398"}],"wp:term":[{"taxonomy":"category","embeddable":true,"href":"https:\/\/ycm-berlin.de\/blog\/wp-json\/wp\/v2\/categories?post=398"},{"taxonomy":"post_tag","embeddable":true,"href":"https:\/\/ycm-berlin.de\/blog\/wp-json\/wp\/v2\/tags?post=398"}],"curies":[{"name":"wp","href":"https:\/\/api.w.org\/{rel}","templated":true}]}}