{"id":359,"date":"2017-09-10T22:15:37","date_gmt":"2017-09-10T20:15:37","guid":{"rendered":"http:\/\/ycm-berlin.de\/blog\/?p=359"},"modified":"2020-10-12T23:09:31","modified_gmt":"2020-10-12T21:09:31","slug":"420er-trainingscamp-vom-28-07-2017-01-08-2017","status":"publish","type":"post","link":"https:\/\/ycm-berlin.de\/blog\/420er-trainingscamp-vom-28-07-2017-01-08-2017\/","title":{"rendered":"420er Trainingscamp vom 28.07.2017 &#8211; 01.08.2017"},"content":{"rendered":"<p>Vom Teeny in den 420er &#8211; Mein erstes Trainingscamp mit der Unterhavel-Segeltruppe<\/p>\n<p>Die Internationale deutsche J\u00fcngstenmeisterschaft in Travem\u00fcnde war f\u00fcr mich leider die letzte Regatta im Teeny. Ab heute segel ich 420er und darauf freue ich mich schon sehr.<\/p>\n<p><!--more--><\/p>\n<p>Am Montag musste ich schon sehr fr\u00fch aufstehen. Um 10:00 Uhr sollten wir in Segelkleidung und mit unserem Boot im <a href=\"https:\/\/scgothia.de\/\" target=\"_blank\" rel=\"noopener noreferrer\">Gothia<\/a> sein. Nach dem Fr\u00fchst\u00fcck schleppte mich Martin daher samt 420er sofort zum Treffpunkt. Ich war sehr aufgeregt, weil ich die neue Segelgruppe noch nicht richtig kannte &#8211; ich habe sie bisher nur beim Preis von Lindwerder oder in Travem\u00fcnde gesehen, aber nie gesprochen. Ich freute mich aber auch darauf nun viele neue Sachen zu lernen. \u00a0Bei der IdJ\u00fcM 2017 hatte mich das Segelfieber richtig gepackt und seitdem nicht mehr losgelassen.<\/p>\n<p>Ich hatte auch etwas Angst. Die anderen M\u00e4dels und Jungs segeln einfach schon sehr viel l\u00e4nger als ich. Ich wollte nicht nur hintendran h\u00e4ngen, doch trotz der unterschiedlichen Segelerfahrungen, mussten alle die Wenden, Halsen sowie Rollwenden \u00fcben, denn mit dem 420er ist es nochmal ganz anders, als mit einem Teeny. Puh, Gl\u00fcck gehabt&#8230; Wir fingen am ersten Tag also sofort damit an, unsere Boote aufzubauen, anzugucken und eine Bestandsaufnahme zu machen. Leider war am Vormittag wenig Wind, deshalb haben wir Theorie gemacht. Matze hat uns erkl\u00e4rt was trimmen bedeutet und wozu es gut ist. Danach war der erste Tag vorbei. Wind kam n\u00e4mlich leider nicht mehr auf.<\/p>\n<p>In den darauf folgenden Tagen haben wir uns immer besser kennengelernt und die ersten Freundschaften geschlossen. Als wir das erste Mal bei gutem Wind rausgefahren sind, waren alle etwas aufgeregt. Ich war dagegen ziemlich entspannt, weil ich schon einige Male mit Martin 420er gesegelt bin. Wir haben versucht mit dem langen Pinnenausleger klarzukommen &#8211; dieser ist doppelt so lang wie der Pinnenausleger im Teeny. Alle hatten Probleme mit der Wende, denn nach jeder Wende sollten wir einen gro\u00dfen Schritt nach vorn machen, damit das Boot den Schwung mitnimmt, doch entweder blieb man mit dem Bein in einem Seil h\u00e4ngen oder man verlor das Gleichgewicht. Gegen 13:00 Uhr sind wir in den Hafen gesegelt, um eine eineinhalbst\u00fcndige Pause zu machen. In der Pause bekamen wir Mittagessen, welches am Mittwoch sehr scharf gew\u00fcrzt war, sodass Julia und ich jedes Mal unseren Mund aussp\u00fclen mussten, was aber alles noch schlimmer machte. \ud83d\ude42<\/p>\n<p>Den Rest der Tage waren wir segeln. Es wurde jeden Tag ein Up and Down Kurs ausgelegt: zur Tonne 1 am Wind hochkreuzen und runter zur Tonne 2 mit Spinnaker segeln. Wir haben Gleichgewichts\u00fcbungen gemacht, sind &#8220;ohne&#8221; Pinne gesegelt, haben Wenden &amp; Rollwenden ge\u00fcbt sowie Starts und Spinnaker segeln. Ich fand das Training wirklich super, weil ich bereits aus den wenigen Tagen viel mitgenommen habe. W\u00e4hrend des Trainingcamps sind einige Dinge an meinem 420er kaputt gegangen oder M\u00e4ngel zum Vorschein getreten. Der Spibaum ist kaputt, die Pinne verbogen und am Schwert ist auch irgendetwas nicht in Ordnung, die Segel haben ihre besten Tage hinter sich &#8211; all das kam auf die Einkaufsliste. Die Boote der anderen sind alle in einem wesentlich besseren Zustand &#8211; zwei Teams haben sogar nagelneue Boote bekommen. Ich war etwas neidisch. Aber ich habe einen Ansporn: Wenn ich dran bleibe und gute Regatten segle, dann wird auch in meinen 420er vom Verein investiert. Juhuuu! Vorerst werden die n\u00f6tigsten Sachen repariert oder ersetzt &#8211; das machen wir selbst an unseren Booten, damit wir uns sp\u00e4ter selber helfen k\u00f6nnen, falls etwas kaputt gehen sollte und niemand in der N\u00e4he ist. Die Trainer werden uns alles zeigen.<\/p>\n<p>Ich fand die Woche wirklich toll und freue mich auf das zuk\u00fcnftige Training. Die anderen M\u00e4dchen &amp; Jungs sind total nett und manche haben wirklich viel Ahnung vom Segeln. Ich halte euch weiterhin auf dem Laufenden.<\/p>\n","protected":false},"excerpt":{"rendered":"<p>Vom Teeny in den 420er &#8211; Mein erstes Trainingscamp mit der Unterhavel-Segeltruppe Die Internationale deutsche J\u00fcngstenmeisterschaft in Travem\u00fcnde war f\u00fcr mich leider die letzte Regatta im Teeny. Ab heute segel ich 420er und darauf freue ich mich schon sehr.<\/p>\n","protected":false},"author":8,"featured_media":0,"comment_status":"open","ping_status":"closed","sticky":false,"template":"","format":"standard","meta":[],"categories":[24],"tags":[21,25,23,22],"_links":{"self":[{"href":"https:\/\/ycm-berlin.de\/blog\/wp-json\/wp\/v2\/posts\/359"}],"collection":[{"href":"https:\/\/ycm-berlin.de\/blog\/wp-json\/wp\/v2\/posts"}],"about":[{"href":"https:\/\/ycm-berlin.de\/blog\/wp-json\/wp\/v2\/types\/post"}],"author":[{"embeddable":true,"href":"https:\/\/ycm-berlin.de\/blog\/wp-json\/wp\/v2\/users\/8"}],"replies":[{"embeddable":true,"href":"https:\/\/ycm-berlin.de\/blog\/wp-json\/wp\/v2\/comments?post=359"}],"version-history":[{"count":10,"href":"https:\/\/ycm-berlin.de\/blog\/wp-json\/wp\/v2\/posts\/359\/revisions"}],"predecessor-version":[{"id":1213,"href":"https:\/\/ycm-berlin.de\/blog\/wp-json\/wp\/v2\/posts\/359\/revisions\/1213"}],"wp:attachment":[{"href":"https:\/\/ycm-berlin.de\/blog\/wp-json\/wp\/v2\/media?parent=359"}],"wp:term":[{"taxonomy":"category","embeddable":true,"href":"https:\/\/ycm-berlin.de\/blog\/wp-json\/wp\/v2\/categories?post=359"},{"taxonomy":"post_tag","embeddable":true,"href":"https:\/\/ycm-berlin.de\/blog\/wp-json\/wp\/v2\/tags?post=359"}],"curies":[{"name":"wp","href":"https:\/\/api.w.org\/{rel}","templated":true}]}}