{"id":214,"date":"2017-07-26T00:25:11","date_gmt":"2017-07-25T22:25:11","guid":{"rendered":"http:\/\/ycm-berlin.de\/blog\/?p=214"},"modified":"2020-10-12T22:32:39","modified_gmt":"2020-10-12T20:32:39","slug":"idjuem-2017-tag-7-25-07-2017","status":"publish","type":"post","link":"https:\/\/ycm-berlin.de\/blog\/idjuem-2017-tag-7-25-07-2017\/","title":{"rendered":"IDJ\u00fcM 2017 &#8211; Tag 7 &#8211; 25.07.2017"},"content":{"rendered":"<p>Guten Morgen liebe Blog-Leser*innen,<\/p>\n<p>vielen Dank f\u00fcr so viel Feedback &amp; Lob! Wir sind stolz auf die M\u00e4dels und durch euer Lob glauben sie uns mittlerweile auch, dass ihre bisherigen Platzierungen wirklich ein Grund zur Freude sind!<\/p>\n<p><!--more--><\/p>\n<p>Ich bin heute schon ziemlich fr\u00fch wach &#8211; bestimmt als erste in der Gro\u00dffamilie, denn um 6:00 Uhr ist es um unser Zelt noch ziemlich ruhig. F\u00fcr heute wird Dauerregen und Sturm erwartet, bisher ist es aber noch ziemlich ruhig. Eine Stunde sp\u00e4ter wacht auch Martin auf und berichtet mir von seinem Schock in der Nacht: Unsere aufblasbare Isomatte ist n\u00e4mlich kaputt gegangen. Im Inneren m\u00fcssen sich wohl verklebte Kammern gel\u00f6st haben, was sich durch ein Knistern bemerkbar machte. Martin dachte zuerst unser Zelt brennt ab. Es war nur die Isomatte, welche nun eine gro\u00dfe Luftblase am Fu\u00dfende bekam.<\/p>\n<p>Um 8:00 Uhr sitzen alle gemeinsam am Tisch und essen Br\u00f6tchen. Mittlerweile ist es ziemlich windig geworden und eine Durchsage best\u00e4tigt unsere bisherigen Vermutungen: Wegen einer Sturmwarnung werden die heutigen Wettfahrten abgesagt. Na herzlichen Dank Sturmtief &#8220;Alfred&#8221;! Sabrina (Trainerin vom <a href=\"https:\/\/scgothia.de\/\" target=\"_blank\" rel=\"noopener noreferrer\">Gothia<\/a>) nutzt die Zeit und erkl\u00e4rt ihren Kindern die Kurse &amp; schaut sich anschlie\u00dfend mit ihnen die Brandung an. Lara &amp; Anna d\u00fcrfen auch daran teilnehmen. Herzlichen Dank daf\u00fcr!<\/p>\n<figure id=\"attachment_224\" aria-describedby=\"caption-attachment-224\" style=\"width: 525px\" class=\"wp-caption aligncenter\"><img loading=\"lazy\" class=\"wp-image-224 size-large\" src=\"http:\/\/ycm-berlin.de\/blog\/wp-content\/uploads\/2017\/07\/IMG_20170725_085623-1024x768.jpg\" alt=\"\" width=\"525\" height=\"394\" srcset=\"https:\/\/ycm-berlin.de\/blog\/wp-content\/uploads\/2017\/07\/IMG_20170725_085623-1024x768.jpg 1024w, https:\/\/ycm-berlin.de\/blog\/wp-content\/uploads\/2017\/07\/IMG_20170725_085623-300x225.jpg 300w, https:\/\/ycm-berlin.de\/blog\/wp-content\/uploads\/2017\/07\/IMG_20170725_085623-768x576.jpg 768w\" sizes=\"(max-width: 525px) 100vw, 525px\" \/><figcaption id=\"caption-attachment-224\" class=\"wp-caption-text\">Unterricht mit Sabrina Rahn: zur Sicherheit werden alle Kurse abgelaufen.<br \/>Foto: Sheila Thalau<\/figcaption><\/figure>\n<p>Da f\u00fcr heute nichts weiter ansteht, nutzen Martin &amp; ich die Zeit, um zu Globetrotter nach Hamburg zu fahren &#8211; die Isomatte muss umgetauscht werden. Es klappte alles super, nur der Dauerregen war teilweise so stark, dass wir auf der Autobahn kaum etwas erkennen konnten. Um 14:30 Uhr waren wir wieder zur\u00fcck. Im Gep\u00e4ck hatten wir au\u00dferdem noch die Eink\u00e4ufe f\u00fcr heute. Es gibt n\u00e4mlich leckere Kohlsuppe &#8211; jedenfalls f\u00fcr den Rest der Truppe.<\/p>\n<figure id=\"attachment_226\" aria-describedby=\"caption-attachment-226\" style=\"width: 225px\" class=\"wp-caption aligncenter\"><img loading=\"lazy\" class=\"size-medium wp-image-226\" src=\"http:\/\/ycm-berlin.de\/blog\/wp-content\/uploads\/2017\/07\/IMG_20170725_130429-225x300.jpg\" alt=\"\" width=\"225\" height=\"300\" srcset=\"https:\/\/ycm-berlin.de\/blog\/wp-content\/uploads\/2017\/07\/IMG_20170725_130429-225x300.jpg 225w, https:\/\/ycm-berlin.de\/blog\/wp-content\/uploads\/2017\/07\/IMG_20170725_130429-768x1024.jpg 768w\" sizes=\"(max-width: 225px) 100vw, 225px\" \/><figcaption id=\"caption-attachment-226\" class=\"wp-caption-text\">Witzige Entdeckungen beim Einkaufen.<br \/>Foto: Sheila Thalau<\/figcaption><\/figure>\n<figure id=\"attachment_225\" aria-describedby=\"caption-attachment-225\" style=\"width: 225px\" class=\"wp-caption aligncenter\"><img loading=\"lazy\" class=\"size-medium wp-image-225\" src=\"http:\/\/ycm-berlin.de\/blog\/wp-content\/uploads\/2017\/07\/IMG_20170725_123650-225x300.jpg\" alt=\"\" width=\"225\" height=\"300\" srcset=\"https:\/\/ycm-berlin.de\/blog\/wp-content\/uploads\/2017\/07\/IMG_20170725_123650-225x300.jpg 225w, https:\/\/ycm-berlin.de\/blog\/wp-content\/uploads\/2017\/07\/IMG_20170725_123650-768x1024.jpg 768w\" sizes=\"(max-width: 225px) 100vw, 225px\" \/><figcaption id=\"caption-attachment-225\" class=\"wp-caption-text\">Das ist doch mal ein toller Ort: Buntekuh.<br \/>Foto: Sheila Thalu<\/figcaption><\/figure>\n<p>Lara, Anna &amp; Martin sind n\u00e4mlich mit den anderen Segler*innen und Trainer*innen um 18:00 Uhr auf dem Meisterschaftsempfang auf der Viermastbark \u201ePassat\u201c, dem Wahrzeichen Travem\u00fcndes \u2013 selbstverst\u00e4ndlich mit freiem Essen und Getr\u00e4nken &#8211; eingeladen. Es gibt Paste, Bouletten, Pullet Pork, Curryw\u00fcrste, Krautsalat und vieles mehr. Da w\u00e4re ich auch gern dabei gewesen!<\/p>\n<p>Um 20:30 Uhr sind die drei satt &amp; sehr zufrieden bei uns auf dem M\u00f6venstein angekommen. Sp\u00fcli (Trainer im <a href=\"https:\/\/www.kar-berlin.de\/\" target=\"_blank\" rel=\"noopener noreferrer\">KaR<\/a>) hat die drei mit seinem Schlauchboot mitgenommen. Danke Sp\u00fcli! Nun wird den restlichen Abend entspannt: Anna liest ein Buch von Lara (das sehr gut zu sein scheint) und Martin analysiert mit Lara die gestrigen Wettfahrten mit Hilfe der SAP Homepage.<\/p>\n<figure id=\"attachment_230\" aria-describedby=\"caption-attachment-230\" style=\"width: 525px\" class=\"wp-caption aligncenter\"><img loading=\"lazy\" class=\"wp-image-230 size-large\" src=\"http:\/\/ycm-berlin.de\/blog\/wp-content\/uploads\/2017\/07\/IMG_20170725_203438-1024x768.jpg\" alt=\"\" width=\"525\" height=\"394\" srcset=\"https:\/\/ycm-berlin.de\/blog\/wp-content\/uploads\/2017\/07\/IMG_20170725_203438-1024x768.jpg 1024w, https:\/\/ycm-berlin.de\/blog\/wp-content\/uploads\/2017\/07\/IMG_20170725_203438-300x225.jpg 300w, https:\/\/ycm-berlin.de\/blog\/wp-content\/uploads\/2017\/07\/IMG_20170725_203438-768x576.jpg 768w\" sizes=\"(max-width: 525px) 100vw, 525px\" \/><figcaption id=\"caption-attachment-230\" class=\"wp-caption-text\">Foto: Sheila Thalau<\/figcaption><\/figure>\n<p>Kurz nach 22:00 Uhr ist Bettruhe, Allerdings gackern die M\u00e4dels noch bis kurz vor elf. Wir hoffen, dass das Wetter morgen besser ist und die Wettfahrten stattfinden k\u00f6nnen. Heute sind uns n\u00e4mlich fast die Zelte um die Ohren geflogen &#8211; das m\u00f6chten wir nicht! Wir wollen SOMMER!!!<\/p>\n<figure id=\"attachment_227\" aria-describedby=\"caption-attachment-227\" style=\"width: 525px\" class=\"wp-caption aligncenter\"><img loading=\"lazy\" class=\"wp-image-227 size-large\" src=\"http:\/\/ycm-berlin.de\/blog\/wp-content\/uploads\/2017\/07\/IMG_20170725_162120-768x1024.jpg\" alt=\"\" width=\"525\" height=\"700\" srcset=\"https:\/\/ycm-berlin.de\/blog\/wp-content\/uploads\/2017\/07\/IMG_20170725_162120-768x1024.jpg 768w, https:\/\/ycm-berlin.de\/blog\/wp-content\/uploads\/2017\/07\/IMG_20170725_162120-225x300.jpg 225w\" sizes=\"(max-width: 525px) 100vw, 525px\" \/><figcaption id=\"caption-attachment-227\" class=\"wp-caption-text\">Das Wetter von heute.<br \/>Foto: Sheila Thalau<\/figcaption><\/figure>\n<p>So, kurz &amp; knapp. Liebe Gr\u00fc\u00dfe nach Berlin, hoffentlich geht es euch allen gut?! Wir haben n\u00e4mlich von einer Unwetterwarnung gelesen?!<\/p>\n","protected":false},"excerpt":{"rendered":"<p>Guten Morgen liebe Blog-Leser*innen, vielen Dank f\u00fcr so viel Feedback &amp; Lob! Wir sind stolz auf die M\u00e4dels und durch euer Lob glauben sie uns mittlerweile auch, dass ihre bisherigen Platzierungen wirklich ein Grund zur Freude sind!<\/p>\n","protected":false},"author":2,"featured_media":234,"comment_status":"open","ping_status":"closed","sticky":false,"template":"","format":"standard","meta":[],"categories":[13],"tags":[10,9,8,7,11,12],"_links":{"self":[{"href":"https:\/\/ycm-berlin.de\/blog\/wp-json\/wp\/v2\/posts\/214"}],"collection":[{"href":"https:\/\/ycm-berlin.de\/blog\/wp-json\/wp\/v2\/posts"}],"about":[{"href":"https:\/\/ycm-berlin.de\/blog\/wp-json\/wp\/v2\/types\/post"}],"author":[{"embeddable":true,"href":"https:\/\/ycm-berlin.de\/blog\/wp-json\/wp\/v2\/users\/2"}],"replies":[{"embeddable":true,"href":"https:\/\/ycm-berlin.de\/blog\/wp-json\/wp\/v2\/comments?post=214"}],"version-history":[{"count":10,"href":"https:\/\/ycm-berlin.de\/blog\/wp-json\/wp\/v2\/posts\/214\/revisions"}],"predecessor-version":[{"id":1194,"href":"https:\/\/ycm-berlin.de\/blog\/wp-json\/wp\/v2\/posts\/214\/revisions\/1194"}],"wp:featuredmedia":[{"embeddable":true,"href":"https:\/\/ycm-berlin.de\/blog\/wp-json\/wp\/v2\/media\/234"}],"wp:attachment":[{"href":"https:\/\/ycm-berlin.de\/blog\/wp-json\/wp\/v2\/media?parent=214"}],"wp:term":[{"taxonomy":"category","embeddable":true,"href":"https:\/\/ycm-berlin.de\/blog\/wp-json\/wp\/v2\/categories?post=214"},{"taxonomy":"post_tag","embeddable":true,"href":"https:\/\/ycm-berlin.de\/blog\/wp-json\/wp\/v2\/tags?post=214"}],"curies":[{"name":"wp","href":"https:\/\/api.w.org\/{rel}","templated":true}]}}