{"id":212,"date":"2017-07-25T23:48:11","date_gmt":"2017-07-25T21:48:11","guid":{"rendered":"http:\/\/ycm-berlin.de\/blog\/?p=212"},"modified":"2020-10-12T22:28:03","modified_gmt":"2020-10-12T20:28:03","slug":"idjuem-2017-tag-6-24-07-2017","status":"publish","type":"post","link":"https:\/\/ycm-berlin.de\/blog\/idjuem-2017-tag-6-24-07-2017\/","title":{"rendered":"IDJ\u00fcM 2017 &#8211; Tag 6 &#8211; 24.07.2017"},"content":{"rendered":"<p style=\"text-align: left;\">Die ersten zwei Wettfahrten! Die Aufregung steigt! Mein Herz rast!<\/p>\n<p>Schon um 7:00 Uhr klingelt der Wecker. Oh man, viel zu fr\u00fch! Die Sonne scheint aber, was es ertr\u00e4glicher macht aufzustehen. Also schl\u00fcpfen wir schnell in unsere Klamotten und setzen uns kurze Zeit sp\u00e4ter an den Fr\u00fchst\u00fcckstisch. Es gibt Brot &amp; Cornflakes. Mir ist schlecht. Ich bin einfach zu aufgeregt. Heute sind die ersten zwei Wettfahrten und mein Herz rast.<\/p>\n<p><!--more--><\/p>\n<p>Um neun ist Steuermannbesprechung, doch kurz vorher ert\u00f6nt es laut aus den Lautsprechern: &#8220;Achtung! Dies ist eine offizielle Durchsage der Regattaleitung. Es gibt eine Startverschiebung auf&#8230;&#8221; PAUSE. Na toll! Auf was jetzt? Um Punkt neun folgt ein neuer Anlauf: &#8220;Achtung! Dies ist eine offizielle Durchsage der Regattaleitung. Es gibt eine Startverschiebung! N\u00e4chste Durchsage um&#8230;&#8221; PAUSE. Oje, auf dem M\u00f6venstein sind alle erheitert. Anna &amp; ich gehen jetzt erstmal zur Steuermannbesprechung. Vielleicht bekommen wir ja dann n\u00e4here Informationen.<\/p>\n<p>Dritter Anlauf: &#8220;Achtung! Dies ist eine offizielle Durchsage der Regattaleitung. Es gibt eine Startverschiebung! N\u00e4chste Durchsage um 12:00 Uhr.&#8221; Applaus und Jubel auf dem ganzen Platz! Wie ihr merkt, ist die Stimmung bei uns auf dem Platz echt super.<\/p>\n<figure id=\"attachment_216\" aria-describedby=\"caption-attachment-216\" style=\"width: 525px\" class=\"wp-caption aligncenter\"><img loading=\"lazy\" class=\"size-large wp-image-216\" src=\"http:\/\/ycm-berlin.de\/blog\/wp-content\/uploads\/2017\/07\/IMG_20170724_110619-1024x768.jpg\" alt=\"\" width=\"525\" height=\"394\" srcset=\"https:\/\/ycm-berlin.de\/blog\/wp-content\/uploads\/2017\/07\/IMG_20170724_110619-1024x768.jpg 1024w, https:\/\/ycm-berlin.de\/blog\/wp-content\/uploads\/2017\/07\/IMG_20170724_110619-300x225.jpg 300w, https:\/\/ycm-berlin.de\/blog\/wp-content\/uploads\/2017\/07\/IMG_20170724_110619-768x576.jpg 768w\" sizes=\"(max-width: 525px) 100vw, 525px\" \/><figcaption id=\"caption-attachment-216\" class=\"wp-caption-text\">Foto: Sheila Thalau<\/figcaption><\/figure>\n<p>Wir verteiben uns die Wartezeit mit einer Runde Kniffel und Karten spielen. Martin bekommt Besuch von Sabine Meyer. Sie hatte uns beim Preis von Lindwerder versprochen das Boot einzustellen und l\u00f6st es nun ein. Wir m\u00f6chten auch hier DANKE sagen! Sabine ist wirklich sehr nett zu uns und allen \u00a0anderen und immer hilfsbereit.<\/p>\n<figure id=\"attachment_218\" aria-describedby=\"caption-attachment-218\" style=\"width: 525px\" class=\"wp-caption aligncenter\"><img loading=\"lazy\" class=\"size-large wp-image-218\" src=\"http:\/\/ycm-berlin.de\/blog\/wp-content\/uploads\/2017\/07\/IMG_20170724_110710-768x1024.jpg\" alt=\"\" width=\"525\" height=\"700\" srcset=\"https:\/\/ycm-berlin.de\/blog\/wp-content\/uploads\/2017\/07\/IMG_20170724_110710-768x1024.jpg 768w, https:\/\/ycm-berlin.de\/blog\/wp-content\/uploads\/2017\/07\/IMG_20170724_110710-225x300.jpg 225w\" sizes=\"(max-width: 525px) 100vw, 525px\" \/><figcaption id=\"caption-attachment-218\" class=\"wp-caption-text\">Sabine Meyer stellt unser Boot ein.<br \/>Foto: Sheila Thalau<\/figcaption><\/figure>\n<p>Um kurz vor zw\u00f6lf folgt die versprochene Durchsage; Der Start ist um 13:00 Uhr. Martin schnappt sich sofort das Fahrrad und f\u00e4hrt zum Hafen, um das Schlauchboot zu holen. Anna &amp; ich sind bereits segelfertig und lassen unser Boot zeitgleich ins Wasser. Mein Herz pocht wie verr\u00fcckt. Ich fahre meine erste Wettfahrt auf einer Deutschen Meisterschaft! Hoffentlich nicht so weit hinten.<\/p>\n<p>Mama &amp; Inge spazieren in der Mittagshitze an der Promenade entlang zur gro\u00dfen Leinwand am SAP Stand. Sp\u00e4ter erz\u00e4hlt mir Mama, dass sie total stolz war, als sie uns immer mal auf der gro\u00dfen Leinwand sehen konnte. Auf YouTube k\u00f6nnt ihr euch die <a href=\"https:\/\/www.youtube.com\/watch?v=_QlGPscNdkw&amp;t=5995s\" target=\"_blank\" rel=\"noopener noreferrer\">Wiederholung der \u00dcbertragung<\/a> ansehen; ab 00:48:00 geht es los mit den Teenys.<\/p>\n<figure id=\"attachment_221\" aria-describedby=\"caption-attachment-221\" style=\"width: 525px\" class=\"wp-caption aligncenter\"><img loading=\"lazy\" class=\"size-large wp-image-221\" src=\"http:\/\/ycm-berlin.de\/blog\/wp-content\/uploads\/2017\/07\/IMG_20170724_134411-1024x768.jpg\" alt=\"\" width=\"525\" height=\"394\" srcset=\"https:\/\/ycm-berlin.de\/blog\/wp-content\/uploads\/2017\/07\/IMG_20170724_134411-1024x768.jpg 1024w, https:\/\/ycm-berlin.de\/blog\/wp-content\/uploads\/2017\/07\/IMG_20170724_134411-300x225.jpg 300w, https:\/\/ycm-berlin.de\/blog\/wp-content\/uploads\/2017\/07\/IMG_20170724_134411-768x576.jpg 768w\" sizes=\"(max-width: 525px) 100vw, 525px\" \/><figcaption id=\"caption-attachment-221\" class=\"wp-caption-text\">Foto: Sheila Thalau<\/figcaption><\/figure>\n<figure id=\"attachment_220\" aria-describedby=\"caption-attachment-220\" style=\"width: 525px\" class=\"wp-caption aligncenter\"><img loading=\"lazy\" class=\"size-large wp-image-220\" src=\"http:\/\/ycm-berlin.de\/blog\/wp-content\/uploads\/2017\/07\/IMG_20170724_133035-1024x768.jpg\" alt=\"\" width=\"525\" height=\"394\" srcset=\"https:\/\/ycm-berlin.de\/blog\/wp-content\/uploads\/2017\/07\/IMG_20170724_133035-1024x768.jpg 1024w, https:\/\/ycm-berlin.de\/blog\/wp-content\/uploads\/2017\/07\/IMG_20170724_133035-300x225.jpg 300w, https:\/\/ycm-berlin.de\/blog\/wp-content\/uploads\/2017\/07\/IMG_20170724_133035-768x576.jpg 768w\" sizes=\"(max-width: 525px) 100vw, 525px\" \/><figcaption id=\"caption-attachment-220\" class=\"wp-caption-text\">Foto: Sheila Thalau<\/figcaption><\/figure>\n<p>Unsere Wettfahrten liefen ganz gut. Wir waren auf dem 25. und auf dem 19. Platz. Der 19. Platz freut mich, aber irgendwie will ich noch weiter vor. Insgesamt sind wir momentan auf Rang 23 von 34. Bei der zweiten Wettfahrt haben wir einen super Start hingelegt. Martin hat auf seinem Schlauchboot total gejubelt! Das war toll! Auch als wir um 14:45 Uhr alle wieder an Land waren, lobte er uns und besprach mit uns weitere Situationen w\u00e4hrend der Wettfahrten. Wer die Details unserer Wettfahrten sehen m\u00f6chte, kann das auf der <a href=\"https:\/\/www.sapsailing.com\/gwt\/Home.html#\/regatta\/races\/:eventId=7784129f-7832-49f1-a5f0-b8d66aa5560c&amp;regattaId=TW2017%20Teeny%20(Int.%20German%20Youth%20Championship)\" target=\"_blank\" rel=\"noopener noreferrer\">SAP Homepage<\/a> einsehen.<\/p>\n<figure id=\"attachment_222\" aria-describedby=\"caption-attachment-222\" style=\"width: 300px\" class=\"wp-caption aligncenter\"><img loading=\"lazy\" class=\"size-medium wp-image-222\" src=\"http:\/\/ycm-berlin.de\/blog\/wp-content\/uploads\/2017\/07\/IMG_20170724_145406-300x225.jpg\" alt=\"\" width=\"300\" height=\"225\" srcset=\"https:\/\/ycm-berlin.de\/blog\/wp-content\/uploads\/2017\/07\/IMG_20170724_145406-300x225.jpg 300w, https:\/\/ycm-berlin.de\/blog\/wp-content\/uploads\/2017\/07\/IMG_20170724_145406-768x576.jpg 768w, https:\/\/ycm-berlin.de\/blog\/wp-content\/uploads\/2017\/07\/IMG_20170724_145406-1024x768.jpg 1024w\" sizes=\"(max-width: 300px) 100vw, 300px\" \/><figcaption id=\"caption-attachment-222\" class=\"wp-caption-text\">Ein gro\u00dfer Schaden bei den Seeteufelchen des KaR.<br \/>Foto: Sheila Thalau<\/figcaption><\/figure>\n<p>Um 16:00 Uhr wird auf der gro\u00dfen SAP Leinwand die <a href=\"https:\/\/www.youtube.com\/watch?v=_QlGPscNdkw&amp;t=5995s\" target=\"_blank\" rel=\"noopener noreferrer\">Wiederholung der Wettfahrten<\/a> ausgestrahlt &#8211; da wollen wir nat\u00fcrlich dabei sein. Leider konnten wir aufgrund technischer Probleme nur den ersten Teil ansehen und das auch eher schlecht als recht. Hm, schade! Dann geht es eben wieder zur\u00fcck zum Zelt. Dort waschen Anna &amp; ich das Geschirr vom Tag ab und decken den Tisch f\u00fcr das Abendbrot &#8211; es gibt Chilli Con Carne!<\/p>\n<p>Am Abend macht jeder seins: Der Regen pl\u00e4tschert vor sich hin, Frieda schl\u00e4ft, Ben &amp; Pepe schauen mit Lukas einen Film, Inge telefoniert unterm Pavillon und passt auf Frieda auf, weil Mama &amp; Martin bei Sabine Meyer in geselliger Runde ein Gl\u00e4schen Wein\/Schnaps trinken, Anna telefoniert ewig auf der Wiese und ich sitze mit Carlotta &amp; den anderen Seglern im Teeny KV Pavillon &#8211; wir spielen Werwolf.<\/p>\n<p>Um 22:00 ist f\u00fcr uns jedoch Nachtruhe, au\u00dfer f\u00fcr Mama &#8211; die schreibt noch bis in die Nacht den Blog.<\/p>\n","protected":false},"excerpt":{"rendered":"<p>Die ersten zwei Wettfahrten! Die Aufregung steigt! Mein Herz rast! Schon um 7:00 Uhr klingelt der Wecker. Oh man, viel zu fr\u00fch! Die Sonne scheint aber, was es ertr\u00e4glicher macht aufzustehen. Also schl\u00fcpfen wir schnell in unsere Klamotten und setzen uns kurze Zeit sp\u00e4ter an den Fr\u00fchst\u00fcckstisch. Es gibt Brot &amp; Cornflakes. Mir ist schlecht. &hellip; <\/p>\n<p class=\"link-more\"><a href=\"https:\/\/ycm-berlin.de\/blog\/idjuem-2017-tag-6-24-07-2017\/\" class=\"more-link\"><span class=\"screen-reader-text\">\u201eIDJ\u00fcM 2017 &#8211; Tag 6 &#8211; 24.07.2017\u201c<\/span> weiterlesen<\/a><\/p>\n","protected":false},"author":8,"featured_media":223,"comment_status":"open","ping_status":"closed","sticky":false,"template":"","format":"standard","meta":[],"categories":[13],"tags":[10,9,8,11,12],"_links":{"self":[{"href":"https:\/\/ycm-berlin.de\/blog\/wp-json\/wp\/v2\/posts\/212"}],"collection":[{"href":"https:\/\/ycm-berlin.de\/blog\/wp-json\/wp\/v2\/posts"}],"about":[{"href":"https:\/\/ycm-berlin.de\/blog\/wp-json\/wp\/v2\/types\/post"}],"author":[{"embeddable":true,"href":"https:\/\/ycm-berlin.de\/blog\/wp-json\/wp\/v2\/users\/8"}],"replies":[{"embeddable":true,"href":"https:\/\/ycm-berlin.de\/blog\/wp-json\/wp\/v2\/comments?post=212"}],"version-history":[{"count":10,"href":"https:\/\/ycm-berlin.de\/blog\/wp-json\/wp\/v2\/posts\/212\/revisions"}],"predecessor-version":[{"id":1191,"href":"https:\/\/ycm-berlin.de\/blog\/wp-json\/wp\/v2\/posts\/212\/revisions\/1191"}],"wp:featuredmedia":[{"embeddable":true,"href":"https:\/\/ycm-berlin.de\/blog\/wp-json\/wp\/v2\/media\/223"}],"wp:attachment":[{"href":"https:\/\/ycm-berlin.de\/blog\/wp-json\/wp\/v2\/media?parent=212"}],"wp:term":[{"taxonomy":"category","embeddable":true,"href":"https:\/\/ycm-berlin.de\/blog\/wp-json\/wp\/v2\/categories?post=212"},{"taxonomy":"post_tag","embeddable":true,"href":"https:\/\/ycm-berlin.de\/blog\/wp-json\/wp\/v2\/tags?post=212"}],"curies":[{"name":"wp","href":"https:\/\/api.w.org\/{rel}","templated":true}]}}