{"id":1638,"date":"2021-03-06T18:12:54","date_gmt":"2021-03-06T17:12:54","guid":{"rendered":"https:\/\/ycm-berlin.de\/blog\/?p=1638"},"modified":"2021-03-14T14:21:31","modified_gmt":"2021-03-14T13:21:31","slug":"saison-2021-wir-koennen-es-kaum-erwarten","status":"publish","type":"post","link":"https:\/\/ycm-berlin.de\/blog\/saison-2021-wir-koennen-es-kaum-erwarten\/","title":{"rendered":"Saison 2021 &#8211; Wir k\u00f6nnen es kaum erwarten!"},"content":{"rendered":"\n<p>Langsam werden die Temperaturen milder und die ersten Fr\u00fchbl\u00fcher \u00f6ffnen ihre Bl\u00fcten. Klar, dass es langsam in den Fingern kribbelt und wir die Boote klar machen m\u00f6chten. Es gibt zwar seit dem Bund-L\u00e4nder Beschluss vom 03.03.2021 einen \u00d6ffnungsplan in drei Schritten, dennoch m\u00fcssen wir uns bis zum Trainingsbeginn in der Saison 2021 noch etwas gedulden.<\/p>\n\n\n<p><!--more--><\/p>\n<figure id=\"attachment_1680\" aria-describedby=\"caption-attachment-1680\" style=\"width: 525px\" class=\"wp-caption aligncenter\"><a href=\"https:\/\/cdn.dosb.de\/user_upload\/www.dosb.de\/Corona\/SOM_20210304_DOSB_5O__ffnungsschritte-Tw_02dk3.png\" target=\"_blank\" rel=\"noopener\"><img loading=\"lazy\" class=\"wp-image-1680 size-large\" src=\"https:\/\/ycm-berlin.de\/blog\/wp-content\/uploads\/2021\/03\/SOM_20210304_DOSB_5O__ffnungsschritte-Tw_02dk3-1024x576.png\" alt=\"\" width=\"525\" height=\"295\" srcset=\"https:\/\/ycm-berlin.de\/blog\/wp-content\/uploads\/2021\/03\/SOM_20210304_DOSB_5O__ffnungsschritte-Tw_02dk3-1024x576.png 1024w, https:\/\/ycm-berlin.de\/blog\/wp-content\/uploads\/2021\/03\/SOM_20210304_DOSB_5O__ffnungsschritte-Tw_02dk3-300x169.png 300w, https:\/\/ycm-berlin.de\/blog\/wp-content\/uploads\/2021\/03\/SOM_20210304_DOSB_5O__ffnungsschritte-Tw_02dk3-768x432.png 768w, https:\/\/ycm-berlin.de\/blog\/wp-content\/uploads\/2021\/03\/SOM_20210304_DOSB_5O__ffnungsschritte-Tw_02dk3-1536x864.png 1536w, https:\/\/ycm-berlin.de\/blog\/wp-content\/uploads\/2021\/03\/SOM_20210304_DOSB_5O__ffnungsschritte-Tw_02dk3-2048x1152.png 2048w\" sizes=\"(max-width: 525px) 100vw, 525px\" \/><\/a><figcaption id=\"caption-attachment-1680\" class=\"wp-caption-text\">Bildrechte: Landessportbund Berlin<\/figcaption><\/figure>\n<p>Leider ber\u00fccksichtigt der Senat in seinem Plan bisher nur die Kinder bis zum 12. Lebensjahr. Laut dem Landessportbund Berlin wird die Altersgrenze jedoch auf 14 Jahre angehoben, sobald auch die Schulen f\u00fcr die Klassenstufen sieben und aufw\u00e4rts ge\u00f6ffnet werden. Kurz zusammengefasst ist der kontaktfreie Sport im Freien bisher mit maximal f\u00fcnf Personen aus zwei Haushalten erlaubt. Ab dem 08.03.2021 d\u00fcrfen Gruppen mit maximal 20 Kindern und einer Aufsichtsperson im Freien Sport treiben. Die weiteren Regeln und Gruppenaufteilungen obliegen weiterhin den einzelnen Vereinen. Wir werden euch diesbez\u00fcglich noch n\u00e4her informieren.<\/p>\n<p>Bis also das Segeltraining auch im YCM wieder beginnen kann, wird noch etwas Zeit vergehen. Um euch die Wartezeit etwas zu vers\u00fc\u00dfen, habe ich euch ein paar Fotos von der Insel gemacht.<\/p>\n<figure id=\"attachment_1663\" aria-describedby=\"caption-attachment-1663\" style=\"width: 525px\" class=\"wp-caption aligncenter\"><img loading=\"lazy\" class=\"size-large wp-image-1663\" src=\"https:\/\/ycm-berlin.de\/blog\/wp-content\/uploads\/2021\/03\/zugefrorene_Unterhavel_2021-1024x768.jpg\" alt=\"\" width=\"525\" height=\"394\" srcset=\"https:\/\/ycm-berlin.de\/blog\/wp-content\/uploads\/2021\/03\/zugefrorene_Unterhavel_2021-1024x768.jpg 1024w, https:\/\/ycm-berlin.de\/blog\/wp-content\/uploads\/2021\/03\/zugefrorene_Unterhavel_2021-300x225.jpg 300w, https:\/\/ycm-berlin.de\/blog\/wp-content\/uploads\/2021\/03\/zugefrorene_Unterhavel_2021-768x576.jpg 768w, https:\/\/ycm-berlin.de\/blog\/wp-content\/uploads\/2021\/03\/zugefrorene_Unterhavel_2021-1536x1152.jpg 1536w, https:\/\/ycm-berlin.de\/blog\/wp-content\/uploads\/2021\/03\/zugefrorene_Unterhavel_2021-2048x1536.jpg 2048w\" sizes=\"(max-width: 525px) 100vw, 525px\" \/><figcaption id=\"caption-attachment-1663\" class=\"wp-caption-text\">Still ruht die Unterhavel. Blick vom Wellenbrecher auf Schwanenwerder.<br \/>Foto: Sheila Thalau<\/figcaption><\/figure>\n<p>\u00a0<\/p>\n<p>Nur einen Tag sp\u00e4ter sah es so aus:<\/p>\n<figure id=\"attachment_1658\" aria-describedby=\"caption-attachment-1658\" style=\"width: 525px\" class=\"wp-caption aligncenter\"><img loading=\"lazy\" class=\"size-large wp-image-1658\" src=\"https:\/\/ycm-berlin.de\/blog\/wp-content\/uploads\/2021\/03\/Eisschollen_Inselblick_2021-1024x768.jpg\" alt=\"\" width=\"525\" height=\"394\" srcset=\"https:\/\/ycm-berlin.de\/blog\/wp-content\/uploads\/2021\/03\/Eisschollen_Inselblick_2021-1024x768.jpg 1024w, https:\/\/ycm-berlin.de\/blog\/wp-content\/uploads\/2021\/03\/Eisschollen_Inselblick_2021-300x225.jpg 300w, https:\/\/ycm-berlin.de\/blog\/wp-content\/uploads\/2021\/03\/Eisschollen_Inselblick_2021-768x576.jpg 768w, https:\/\/ycm-berlin.de\/blog\/wp-content\/uploads\/2021\/03\/Eisschollen_Inselblick_2021-1536x1152.jpg 1536w, https:\/\/ycm-berlin.de\/blog\/wp-content\/uploads\/2021\/03\/Eisschollen_Inselblick_2021-2048x1536.jpg 2048w\" sizes=\"(max-width: 525px) 100vw, 525px\" \/><figcaption id=\"caption-attachment-1658\" class=\"wp-caption-text\">Langsam beginnt es zu tauen. Bald geht es wieder los.<br \/>Foto: Sheila Thalau<\/figcaption><\/figure>\n<figure id=\"attachment_1660\" aria-describedby=\"caption-attachment-1660\" style=\"width: 525px\" class=\"wp-caption aligncenter\"><img loading=\"lazy\" class=\"size-large wp-image-1660\" src=\"https:\/\/ycm-berlin.de\/blog\/wp-content\/uploads\/2021\/03\/Eisschollen_Waldblick_2021-1024x768.jpg\" alt=\"\" width=\"525\" height=\"394\" srcset=\"https:\/\/ycm-berlin.de\/blog\/wp-content\/uploads\/2021\/03\/Eisschollen_Waldblick_2021-1024x768.jpg 1024w, https:\/\/ycm-berlin.de\/blog\/wp-content\/uploads\/2021\/03\/Eisschollen_Waldblick_2021-300x225.jpg 300w, https:\/\/ycm-berlin.de\/blog\/wp-content\/uploads\/2021\/03\/Eisschollen_Waldblick_2021-768x576.jpg 768w, https:\/\/ycm-berlin.de\/blog\/wp-content\/uploads\/2021\/03\/Eisschollen_Waldblick_2021-1536x1152.jpg 1536w, https:\/\/ycm-berlin.de\/blog\/wp-content\/uploads\/2021\/03\/Eisschollen_Waldblick_2021-2048x1536.jpg 2048w\" sizes=\"(max-width: 525px) 100vw, 525px\" \/><figcaption id=\"caption-attachment-1660\" class=\"wp-caption-text\">Langsam taut es vor der Insel Lindwerder.<br \/>Foto: Sheila Thalau<\/figcaption><\/figure>\n<figure id=\"attachment_1659\" aria-describedby=\"caption-attachment-1659\" style=\"width: 525px\" class=\"wp-caption aligncenter\"><img loading=\"lazy\" class=\"size-large wp-image-1659\" src=\"https:\/\/ycm-berlin.de\/blog\/wp-content\/uploads\/2021\/03\/Eisschollen_Sonnenuntergang_2021-1024x768.jpg\" alt=\"\" width=\"525\" height=\"394\" srcset=\"https:\/\/ycm-berlin.de\/blog\/wp-content\/uploads\/2021\/03\/Eisschollen_Sonnenuntergang_2021-1024x768.jpg 1024w, https:\/\/ycm-berlin.de\/blog\/wp-content\/uploads\/2021\/03\/Eisschollen_Sonnenuntergang_2021-300x225.jpg 300w, https:\/\/ycm-berlin.de\/blog\/wp-content\/uploads\/2021\/03\/Eisschollen_Sonnenuntergang_2021-768x576.jpg 768w, https:\/\/ycm-berlin.de\/blog\/wp-content\/uploads\/2021\/03\/Eisschollen_Sonnenuntergang_2021-1536x1152.jpg 1536w, https:\/\/ycm-berlin.de\/blog\/wp-content\/uploads\/2021\/03\/Eisschollen_Sonnenuntergang_2021-2048x1536.jpg 2048w\" sizes=\"(max-width: 525px) 100vw, 525px\" \/><figcaption id=\"caption-attachment-1659\" class=\"wp-caption-text\">Der erste Sonnenuntergang vor Lindwerder.<br \/>Foto: Sheila Thalau<\/figcaption><\/figure>\n<p>\u00a0<\/p>\n<p>Und wenige Tage sp\u00e4ter sah es dann so aus:<\/p>\n<figure id=\"attachment_1661\" aria-describedby=\"caption-attachment-1661\" style=\"width: 525px\" class=\"wp-caption aligncenter\"><img loading=\"lazy\" class=\"size-large wp-image-1661\" src=\"https:\/\/ycm-berlin.de\/blog\/wp-content\/uploads\/2021\/03\/getaut_Waldblick_2021-1024x768.jpg\" alt=\"\" width=\"525\" height=\"394\" srcset=\"https:\/\/ycm-berlin.de\/blog\/wp-content\/uploads\/2021\/03\/getaut_Waldblick_2021-1024x768.jpg 1024w, https:\/\/ycm-berlin.de\/blog\/wp-content\/uploads\/2021\/03\/getaut_Waldblick_2021-300x225.jpg 300w, https:\/\/ycm-berlin.de\/blog\/wp-content\/uploads\/2021\/03\/getaut_Waldblick_2021-768x576.jpg 768w, https:\/\/ycm-berlin.de\/blog\/wp-content\/uploads\/2021\/03\/getaut_Waldblick_2021-1536x1152.jpg 1536w, https:\/\/ycm-berlin.de\/blog\/wp-content\/uploads\/2021\/03\/getaut_Waldblick_2021.jpg 1600w\" sizes=\"(max-width: 525px) 100vw, 525px\" \/><figcaption id=\"caption-attachment-1661\" class=\"wp-caption-text\">Vor wenigen Tagen war hier noch alles gefroren. Nun kommen erste Fr\u00fchlingsgef\u00fchle in uns hoch.<br \/>Foto: Inge Neumerkel<\/figcaption><\/figure>","protected":false},"excerpt":{"rendered":"<p>Langsam werden die Temperaturen milder und die ersten Fr\u00fchbl\u00fcher \u00f6ffnen ihre Bl\u00fcten. Klar, dass es langsam in den Fingern kribbelt und wir die Boote klar machen m\u00f6chten. Es gibt zwar seit dem Bund-L\u00e4nder Beschluss vom 03.03.2021 einen \u00d6ffnungsplan in drei Schritten, dennoch m\u00fcssen wir uns bis zum Trainingsbeginn in der Saison 2021 noch etwas gedulden.<\/p>\n","protected":false},"author":6,"featured_media":1662,"comment_status":"open","ping_status":"closed","sticky":false,"template":"","format":"standard","meta":[],"categories":[32,44],"tags":[36,63,70,65],"_links":{"self":[{"href":"https:\/\/ycm-berlin.de\/blog\/wp-json\/wp\/v2\/posts\/1638"}],"collection":[{"href":"https:\/\/ycm-berlin.de\/blog\/wp-json\/wp\/v2\/posts"}],"about":[{"href":"https:\/\/ycm-berlin.de\/blog\/wp-json\/wp\/v2\/types\/post"}],"author":[{"embeddable":true,"href":"https:\/\/ycm-berlin.de\/blog\/wp-json\/wp\/v2\/users\/6"}],"replies":[{"embeddable":true,"href":"https:\/\/ycm-berlin.de\/blog\/wp-json\/wp\/v2\/comments?post=1638"}],"version-history":[{"count":10,"href":"https:\/\/ycm-berlin.de\/blog\/wp-json\/wp\/v2\/posts\/1638\/revisions"}],"predecessor-version":[{"id":1693,"href":"https:\/\/ycm-berlin.de\/blog\/wp-json\/wp\/v2\/posts\/1638\/revisions\/1693"}],"wp:featuredmedia":[{"embeddable":true,"href":"https:\/\/ycm-berlin.de\/blog\/wp-json\/wp\/v2\/media\/1662"}],"wp:attachment":[{"href":"https:\/\/ycm-berlin.de\/blog\/wp-json\/wp\/v2\/media?parent=1638"}],"wp:term":[{"taxonomy":"category","embeddable":true,"href":"https:\/\/ycm-berlin.de\/blog\/wp-json\/wp\/v2\/categories?post=1638"},{"taxonomy":"post_tag","embeddable":true,"href":"https:\/\/ycm-berlin.de\/blog\/wp-json\/wp\/v2\/tags?post=1638"}],"curies":[{"name":"wp","href":"https:\/\/api.w.org\/{rel}","templated":true}]}}