{"id":1391,"date":"2020-10-19T00:08:17","date_gmt":"2020-10-18T22:08:17","guid":{"rendered":"http:\/\/ycm-berlin.de\/blog\/?p=1391"},"modified":"2020-10-19T10:00:28","modified_gmt":"2020-10-19T08:00:28","slug":"waffelregatta-in-zeuthen-29-bis-30-08-2020","status":"publish","type":"post","link":"https:\/\/ycm-berlin.de\/blog\/waffelregatta-in-zeuthen-29-bis-30-08-2020\/","title":{"rendered":"Waffelregatta &#8211; 29. bis 30.08.2020"},"content":{"rendered":"\n<p>Am letzten Augustwochenende fand die traditionelle Waffelregatta des <a rel=\"noreferrer noopener\" href=\"http:\/\/segelclubzeuthen.de\/\" target=\"_blank\">Segelclub Zeuthen<\/a> (SCZ) unter Einhaltung strenger Hygienema\u00dfnahmen statt. Insgesamt gingen 13 Teenys an den Start &#8211; darunter drei Boote des YCM.<\/p>\n\n\n<p><!--more--><\/p>\n\n\n<p>Es war die erste Regatta f\u00fcr unsere Segler*innen in diesem au\u00dfergew\u00f6hnlichen Jahr und es sollte auch au\u00dfergew\u00f6hnlich bleiben: Das Auto von Trainerin Inge war kurzfristig in Rente gegangen, weshalb Finns Papa den Trailer mit den Teenys zum <a rel=\"noreferrer noopener\" href=\"http:\/\/segelclubzeuthen.de\/\" target=\"_blank\">SCZ<\/a> runterbringt und anschlie\u00dfend das Trainer-Schlauchboot in der Werkstatt am M\u00fcggelsee abholt. Vielen Dank nochmal f\u00fcr diesen Einsatz!<\/p>\n\n\n\n<p>Vor Ort wurden wir sehr freundlich begr\u00fc\u00dft und tatkr\u00e4ftig unterst\u00fctzt. F\u00fcr jedes Team war auf dem Gel\u00e4nde ein eigener Platz bereitgestellt, sodass alle Hygienema\u00dfnahmen (inkl. das Tragen eines Mund-Nasen-Schutzes auf dem gesamten Anwesen) eingehalten werden konnten.  Jede*r Teilnehmer*in und Trainer*in erhielt eine Maske mit individuellem Klassenzeichen der Bootsklasse. Zudem standen zehn Dixi-Toiletten f\u00fcr die Clubexternen Teilnehmer*innen bereit, welche nach jeder Benutzung von den SCZ-Vereinsmitgliedern desinfiziert wurden.<\/p>\n\n\n\n<figure class=\"wp-block-image size-large\"><img loading=\"lazy\" width=\"1024\" height=\"768\" src=\"http:\/\/ycm-berlin.de\/blog\/wp-content\/uploads\/2020\/10\/Waffelregatta-Feld-1024x768.jpg\" alt=\"\" class=\"wp-image-1481\" srcset=\"https:\/\/ycm-berlin.de\/blog\/wp-content\/uploads\/2020\/10\/Waffelregatta-Feld-1024x768.jpg 1024w, https:\/\/ycm-berlin.de\/blog\/wp-content\/uploads\/2020\/10\/Waffelregatta-Feld-300x225.jpg 300w, https:\/\/ycm-berlin.de\/blog\/wp-content\/uploads\/2020\/10\/Waffelregatta-Feld-768x576.jpg 768w, https:\/\/ycm-berlin.de\/blog\/wp-content\/uploads\/2020\/10\/Waffelregatta-Feld-1536x1152.jpg 1536w, https:\/\/ycm-berlin.de\/blog\/wp-content\/uploads\/2020\/10\/Waffelregatta-Feld-2048x1536.jpg 2048w\" sizes=\"(max-width: 767px) 89vw, (max-width: 1000px) 54vw, (max-width: 1071px) 543px, 580px\" \/><figcaption>Foto: Segelclub Zeuthen e.V.<\/figcaption><\/figure>\n\n\n\n<p>Der Samstag startete mit einer Steuermannsbesprechung, an denen lediglich die Trainer*innen teilnehmen durften. Um 11:00 Uhr erfolgte der erste Start. Es wurde zun\u00e4chst  Kurs 2 und im Anschluss Kurs 1 gesegelt. Der Wind war eher bescheiden, die Temperaturen jedoch in der Sonne sehr angenehm &#8211; erst wenn die Sonne hinter einer Wolkendecke verschwand, wurde es frisch. Da der Wind pl\u00f6tzlich drehte, gab es f\u00fcr die Segler*innen eine kurze Pause, damit die Tonnen umgelegt werden konnten. Die dritte Wettfahrt konnte anschlie\u00dfend gestartet werden, wurde aber kurz darauf von der Wettfahrtleitung abgebrochen, weil der Wind stark abflaute. Die Kinder waren auf Abruf, um die dritte Wettfahrt sofort wieder aufzunehmen, sollte der Wind sich entscheiden aus seinem Mittagsschlaf aufzuwachen. Das tat er zum Gl\u00fcck auch und so konnte die dritte Wettfahrt erfolgreich gesegelt werden. Geschafft f\u00fcr heute! Doch, was war nun? Um 16:30 Uhr mussten die Segler*innen erneut alle Kr\u00e4fte mobilisieren, um bei sich permanent drehenden Wind eine vierte Wettfahrt zu segeln. <\/p>\n\n\n\n<p>Am Sonntag herrschte kein Wind, weshalb die Wettfahrleitung entschied, dass keine weiteren Wettfahrten stattfinden. Wir konnten daher schnell die Boote abbauen und nach Hause fahren. Inge, Ben und Pepe durften bei Finns Papa mitfahren, Nurias Mama fuhr die anderen Segelkinder nach Hause und Laura (Trainerin im <a rel=\"noreferrer noopener\" href=\"http:\/\/www.deutscherseglerclub.de\/\" target=\"_blank\">DSC<\/a>) war so lieb und zog unseren Anh\u00e4nger mit in den <a rel=\"noreferrer noopener\" href=\"https:\/\/www.kar-berlin.de\/\" target=\"_blank\">KaR<\/a>. Max folgte ihr, um beim Abstellen des Anh\u00e4ngers zu helfen.  Wir bedanken uns ganz herzlich f\u00fcr diese Zusammenarbeit.<\/p>\n\n\n\n<figure class=\"wp-block-image size-large\"><img loading=\"lazy\" width=\"1024\" height=\"576\" src=\"http:\/\/ycm-berlin.de\/blog\/wp-content\/uploads\/2020\/10\/WhatsApp-Image-2020-10-19-at-00.31.32-1024x576.jpeg\" alt=\"\" class=\"wp-image-1505\" srcset=\"https:\/\/ycm-berlin.de\/blog\/wp-content\/uploads\/2020\/10\/WhatsApp-Image-2020-10-19-at-00.31.32-1024x576.jpeg 1024w, https:\/\/ycm-berlin.de\/blog\/wp-content\/uploads\/2020\/10\/WhatsApp-Image-2020-10-19-at-00.31.32-300x169.jpeg 300w, https:\/\/ycm-berlin.de\/blog\/wp-content\/uploads\/2020\/10\/WhatsApp-Image-2020-10-19-at-00.31.32-768x432.jpeg 768w, https:\/\/ycm-berlin.de\/blog\/wp-content\/uploads\/2020\/10\/WhatsApp-Image-2020-10-19-at-00.31.32-1536x864.jpeg 1536w, https:\/\/ycm-berlin.de\/blog\/wp-content\/uploads\/2020\/10\/WhatsApp-Image-2020-10-19-at-00.31.32.jpeg 1600w\" sizes=\"(max-width: 767px) 89vw, (max-width: 1000px) 54vw, (max-width: 1071px) 543px, 580px\" \/><figcaption>Die Kinder warten auf eine Entscheidung von der Wettfahrtleitung und erhalten w\u00e4hrenddessen Anweisungen von Trainer Max..<br>Foto: Inge Neumerkel<\/figcaption><\/figure>\n\n\n\n<p>Finn &amp; Nuria segelten an diesem Wochenende auf Platz 7, Elias &amp; Severin erreichten Platz 11 und Pepe &amp; Ben bildeten mit Platz 13 das Schlusslicht der Waffelregatta. Zur Erinnerung gab es eine Urkunde und eine leckere verpackte Waffel. Alle Ergebnisse k\u00f6nnen bei <a href=\"http:\/\/www.raceoffice.org\/rl_results.php?eidres=2337432275e6f5415b3615&amp;eid=20946066355f0df99cd1cc5&amp;rlid=1538958736515bef41d6234\" target=\"_blank\" rel=\"noreferrer noopener\">raceoffice<\/a> eingesehen werden.<\/p>\n","protected":false},"excerpt":{"rendered":"<p>Am letzten Augustwochenende fand die traditionelle Waffelregatta des Segelclub Zeuthen (SCZ) unter Einhaltung strenger Hygienema\u00dfnahmen statt. Insgesamt gingen 13 Teenys an den Start &#8211; darunter drei Boote des YCM.<\/p>\n","protected":false},"author":2,"featured_media":1480,"comment_status":"open","ping_status":"closed","sticky":false,"template":"","format":"standard","meta":[],"categories":[26],"tags":[68,7,69,65],"_links":{"self":[{"href":"https:\/\/ycm-berlin.de\/blog\/wp-json\/wp\/v2\/posts\/1391"}],"collection":[{"href":"https:\/\/ycm-berlin.de\/blog\/wp-json\/wp\/v2\/posts"}],"about":[{"href":"https:\/\/ycm-berlin.de\/blog\/wp-json\/wp\/v2\/types\/post"}],"author":[{"embeddable":true,"href":"https:\/\/ycm-berlin.de\/blog\/wp-json\/wp\/v2\/users\/2"}],"replies":[{"embeddable":true,"href":"https:\/\/ycm-berlin.de\/blog\/wp-json\/wp\/v2\/comments?post=1391"}],"version-history":[{"count":10,"href":"https:\/\/ycm-berlin.de\/blog\/wp-json\/wp\/v2\/posts\/1391\/revisions"}],"predecessor-version":[{"id":1507,"href":"https:\/\/ycm-berlin.de\/blog\/wp-json\/wp\/v2\/posts\/1391\/revisions\/1507"}],"wp:featuredmedia":[{"embeddable":true,"href":"https:\/\/ycm-berlin.de\/blog\/wp-json\/wp\/v2\/media\/1480"}],"wp:attachment":[{"href":"https:\/\/ycm-berlin.de\/blog\/wp-json\/wp\/v2\/media?parent=1391"}],"wp:term":[{"taxonomy":"category","embeddable":true,"href":"https:\/\/ycm-berlin.de\/blog\/wp-json\/wp\/v2\/categories?post=1391"},{"taxonomy":"post_tag","embeddable":true,"href":"https:\/\/ycm-berlin.de\/blog\/wp-json\/wp\/v2\/tags?post=1391"}],"curies":[{"name":"wp","href":"https:\/\/api.w.org\/{rel}","templated":true}]}}