{"id":1051,"date":"2019-04-06T21:50:20","date_gmt":"2019-04-06T19:50:20","guid":{"rendered":"http:\/\/ycm-berlin.de\/blog\/?p=1051"},"modified":"2020-02-04T16:06:01","modified_gmt":"2020-02-04T15:06:01","slug":"ansegeln-2019","status":"publish","type":"post","link":"https:\/\/ycm-berlin.de\/blog\/ansegeln-2019\/","title":{"rendered":"Ansegeln 2019"},"content":{"rendered":"<p>Als h\u00e4tte es die Sonne ebenso kaum erwarten k\u00f6nnen, fand das Ansegeln in diesem Jahr bei bestem Wetter statt. Punkt 11:00 Uhr verlie\u00df unser Vereinsboot &#8220;Fritze Bock&#8221; traditionell den Hafen, um mit unseren Vereinsmitgliedern zum Segler-Club Oberspree (SCO) zu fahren.<\/p>\n<p><!--more--><\/p>\n<p>Dort angekommen, erwartete uns bereits ein wunderbares Programm. F\u00fcr die Kinder wurde allerhand geboten. So konnten maritime Schl\u00fcsselanh\u00e4nger gebastelt, Jutebeutel bemalt, kleine Modelle gebaut (Hubschrauber, Autos &amp; den Millenium Falken aus Star Wars), ausgiebig auf der H\u00fcpfburg oder beim Twistball gestobt und Riesenmikado gespielt werden.<\/p>\n<figure id=\"attachment_1057\" aria-describedby=\"caption-attachment-1057\" style=\"width: 525px\" class=\"wp-caption aligncenter\"><img loading=\"lazy\" class=\"size-large wp-image-1057\" src=\"http:\/\/ycm-berlin.de\/blog\/wp-content\/uploads\/2019\/04\/WhatsApp-Image-2019-04-06-at-21.41.12-1024x768.jpeg\" alt=\"\" width=\"525\" height=\"394\" srcset=\"https:\/\/ycm-berlin.de\/blog\/wp-content\/uploads\/2019\/04\/WhatsApp-Image-2019-04-06-at-21.41.12-1024x768.jpeg 1024w, https:\/\/ycm-berlin.de\/blog\/wp-content\/uploads\/2019\/04\/WhatsApp-Image-2019-04-06-at-21.41.12-300x225.jpeg 300w, https:\/\/ycm-berlin.de\/blog\/wp-content\/uploads\/2019\/04\/WhatsApp-Image-2019-04-06-at-21.41.12-768x576.jpeg 768w, https:\/\/ycm-berlin.de\/blog\/wp-content\/uploads\/2019\/04\/WhatsApp-Image-2019-04-06-at-21.41.12.jpeg 1600w\" sizes=\"(max-width: 525px) 100vw, 525px\" \/><figcaption id=\"caption-attachment-1057\" class=\"wp-caption-text\">Teenytrainerin Inge bastelt einen Schl\u00fcsselanh\u00e4nger.<br \/>Foto: Martin Stelter<\/figcaption><\/figure>\n<figure id=\"attachment_1053\" aria-describedby=\"caption-attachment-1053\" style=\"width: 525px\" class=\"wp-caption aligncenter\"><img loading=\"lazy\" class=\"size-large wp-image-1053\" src=\"http:\/\/ycm-berlin.de\/blog\/wp-content\/uploads\/2019\/04\/20190406_210242-768x1024.jpg\" alt=\"\" width=\"525\" height=\"700\" srcset=\"https:\/\/ycm-berlin.de\/blog\/wp-content\/uploads\/2019\/04\/20190406_210242-768x1024.jpg 768w, https:\/\/ycm-berlin.de\/blog\/wp-content\/uploads\/2019\/04\/20190406_210242-225x300.jpg 225w\" sizes=\"(max-width: 525px) 100vw, 525px\" \/><figcaption id=\"caption-attachment-1053\" class=\"wp-caption-text\">Die selbstgemachten Schl\u00fcsselanh\u00e4nger.<br \/>Foto: Inge Neumerkel<\/figcaption><\/figure>\n<figure id=\"attachment_1055\" aria-describedby=\"caption-attachment-1055\" style=\"width: 525px\" class=\"wp-caption aligncenter\"><img loading=\"lazy\" class=\"size-large wp-image-1055\" src=\"http:\/\/ycm-berlin.de\/blog\/wp-content\/uploads\/2019\/04\/WhatsApp-Image-2019-04-06-at-21.41.06-768x1024.jpeg\" alt=\"\" width=\"525\" height=\"700\" srcset=\"https:\/\/ycm-berlin.de\/blog\/wp-content\/uploads\/2019\/04\/WhatsApp-Image-2019-04-06-at-21.41.06-768x1024.jpeg 768w, https:\/\/ycm-berlin.de\/blog\/wp-content\/uploads\/2019\/04\/WhatsApp-Image-2019-04-06-at-21.41.06-225x300.jpeg 225w, https:\/\/ycm-berlin.de\/blog\/wp-content\/uploads\/2019\/04\/WhatsApp-Image-2019-04-06-at-21.41.06.jpeg 1200w\" sizes=\"(max-width: 525px) 100vw, 525px\" \/><figcaption id=\"caption-attachment-1055\" class=\"wp-caption-text\">Ben bastelt ein Auto.<br \/>Foto: Martin Stelter<\/figcaption><\/figure>\n<p>Ganz besonders beeindruckend fanden wir die kleine Opti-Modell-Ausstellung.<\/p>\n<figure id=\"attachment_1056\" aria-describedby=\"caption-attachment-1056\" style=\"width: 525px\" class=\"wp-caption aligncenter\"><img loading=\"lazy\" class=\"size-large wp-image-1056\" src=\"http:\/\/ycm-berlin.de\/blog\/wp-content\/uploads\/2019\/04\/WhatsApp-Image-2019-04-06-at-21.41.121-1024x768.jpeg\" alt=\"\" width=\"525\" height=\"394\" srcset=\"https:\/\/ycm-berlin.de\/blog\/wp-content\/uploads\/2019\/04\/WhatsApp-Image-2019-04-06-at-21.41.121-1024x768.jpeg 1024w, https:\/\/ycm-berlin.de\/blog\/wp-content\/uploads\/2019\/04\/WhatsApp-Image-2019-04-06-at-21.41.121-300x225.jpeg 300w, https:\/\/ycm-berlin.de\/blog\/wp-content\/uploads\/2019\/04\/WhatsApp-Image-2019-04-06-at-21.41.121-768x576.jpeg 768w, https:\/\/ycm-berlin.de\/blog\/wp-content\/uploads\/2019\/04\/WhatsApp-Image-2019-04-06-at-21.41.121.jpeg 1600w\" sizes=\"(max-width: 525px) 100vw, 525px\" \/><figcaption id=\"caption-attachment-1056\" class=\"wp-caption-text\">Die Opti-Modell-Ausstellung.<br \/>Foto: Martin Stelter<\/figcaption><\/figure>\n<p>F\u00fcr das leibliche Wohl war auch sehr gut gesorgt. Neben zahlreichen St\u00e4nden mit leckerem Essen und Getr\u00e4nken, wurden wir von einer sehr h\u00fcbschen S\u00e4ngerin musikalisch verw\u00f6hnt. Toll fanden wir au\u00dferdem, dass die internationale und gemeinn\u00fctzige Organisation zum Schutz maritimer Tiere &#8220;Sea Shepherd&#8221; mit einem Informationsstand vertreten war.<\/p>\n<p>Wie ihr seht, war es ein rundum gelungener Saisonstart im SCO, wof\u00fcr wir uns sehr herzlich bedanken.<\/p>\n<p>Gut gelaunt legten wir um 14:00 Uhr ab und fuhren gemeinsam mit dem &#8220;Fritze Bock&#8221; wieder auf unsere Insel. Dort erwartete uns um 15:00 Uhr die allj\u00e4hrliche Ansprache von unserem 1. Vorsitzenden mit abschlie\u00dfendem Salutschuss und einem dreifachem &#8220;Godewind Ahoi&#8221;.<\/p>\n<figure id=\"attachment_1045\" aria-describedby=\"caption-attachment-1045\" style=\"width: 525px\" class=\"wp-caption aligncenter\"><img loading=\"lazy\" class=\"size-large wp-image-1045\" src=\"http:\/\/ycm-berlin.de\/blog\/wp-content\/uploads\/2019\/04\/IMG_20190406_150627-1024x768.jpg\" alt=\"\" width=\"525\" height=\"394\" srcset=\"https:\/\/ycm-berlin.de\/blog\/wp-content\/uploads\/2019\/04\/IMG_20190406_150627-1024x768.jpg 1024w, https:\/\/ycm-berlin.de\/blog\/wp-content\/uploads\/2019\/04\/IMG_20190406_150627-300x225.jpg 300w, https:\/\/ycm-berlin.de\/blog\/wp-content\/uploads\/2019\/04\/IMG_20190406_150627-768x576.jpg 768w\" sizes=\"(max-width: 525px) 100vw, 525px\" \/><figcaption id=\"caption-attachment-1045\" class=\"wp-caption-text\">Foto: Sheila Thalau<\/figcaption><\/figure>\n<p>Unser Vereinsstander wurde traditionell von einem Jugendmitglied gehisst. In diesem Jahr war es die Teenyseglerin Sarah.<\/p>\n<figure id=\"attachment_1044\" aria-describedby=\"caption-attachment-1044\" style=\"width: 525px\" class=\"wp-caption aligncenter\"><img loading=\"lazy\" class=\"size-large wp-image-1044\" src=\"http:\/\/ycm-berlin.de\/blog\/wp-content\/uploads\/2019\/04\/IMG_20190406_150505-768x1024.jpg\" alt=\"\" width=\"525\" height=\"700\" srcset=\"https:\/\/ycm-berlin.de\/blog\/wp-content\/uploads\/2019\/04\/IMG_20190406_150505-768x1024.jpg 768w, https:\/\/ycm-berlin.de\/blog\/wp-content\/uploads\/2019\/04\/IMG_20190406_150505-225x300.jpg 225w\" sizes=\"(max-width: 525px) 100vw, 525px\" \/><figcaption id=\"caption-attachment-1044\" class=\"wp-caption-text\">Teenyseglerin Sarah hisst in diesem Jahr unseren Vereinsstander.<br \/>Foto: Sheila Thalau<\/figcaption><\/figure>\n<figure id=\"attachment_1046\" aria-describedby=\"caption-attachment-1046\" style=\"width: 525px\" class=\"wp-caption aligncenter\"><img loading=\"lazy\" class=\"size-large wp-image-1046\" src=\"http:\/\/ycm-berlin.de\/blog\/wp-content\/uploads\/2019\/04\/IMG_20190406_150653-768x1024.jpg\" alt=\"\" width=\"525\" height=\"700\" srcset=\"https:\/\/ycm-berlin.de\/blog\/wp-content\/uploads\/2019\/04\/IMG_20190406_150653-768x1024.jpg 768w, https:\/\/ycm-berlin.de\/blog\/wp-content\/uploads\/2019\/04\/IMG_20190406_150653-225x300.jpg 225w\" sizes=\"(max-width: 525px) 100vw, 525px\" \/><figcaption id=\"caption-attachment-1046\" class=\"wp-caption-text\">Geschafft! Unser Vereinsstander wurde hochgezogen.<br \/>Foto: Sheila Thalau<\/figcaption><\/figure>\n<p>Der kr\u00f6nende Abschluss des diesj\u00e4hrigen Ansegelns war nat\u00fcrlich das gemeinsame Kaffeetrinken und Kuchenessen in geselliger Runde.<\/p>\n<figure id=\"attachment_1047\" aria-describedby=\"caption-attachment-1047\" style=\"width: 525px\" class=\"wp-caption aligncenter\"><img loading=\"lazy\" class=\"size-large wp-image-1047\" src=\"http:\/\/ycm-berlin.de\/blog\/wp-content\/uploads\/2019\/04\/IMG_20190406_150846-1024x768.jpg\" alt=\"\" width=\"525\" height=\"394\" srcset=\"https:\/\/ycm-berlin.de\/blog\/wp-content\/uploads\/2019\/04\/IMG_20190406_150846-1024x768.jpg 1024w, https:\/\/ycm-berlin.de\/blog\/wp-content\/uploads\/2019\/04\/IMG_20190406_150846-300x225.jpg 300w, https:\/\/ycm-berlin.de\/blog\/wp-content\/uploads\/2019\/04\/IMG_20190406_150846-768x576.jpg 768w\" sizes=\"(max-width: 525px) 100vw, 525px\" \/><figcaption id=\"caption-attachment-1047\" class=\"wp-caption-text\">Das traditionelle Kuchenbuffet.<br \/>Foto: Sheila Thalau<\/figcaption><\/figure>\n<p>Wir w\u00fcnschen allen eine sch\u00f6ne Segelsaison 2019 und immer eine Handbreit Wasser unterm Kiel.<\/p>\n","protected":false},"excerpt":{"rendered":"<p>Als h\u00e4tte es die Sonne ebenso kaum erwarten k\u00f6nnen, fand das Ansegeln in diesem Jahr bei bestem Wetter statt. Punkt 11:00 Uhr verlie\u00df unser Vereinsboot &#8220;Fritze Bock&#8221; traditionell den Hafen, um mit unseren Vereinsmitgliedern zum Segler-Club Oberspree (SCO) zu fahren.<\/p>\n","protected":false},"author":2,"featured_media":1043,"comment_status":"open","ping_status":"closed","sticky":false,"template":"","format":"standard","meta":[],"categories":[45],"tags":[66,67],"_links":{"self":[{"href":"https:\/\/ycm-berlin.de\/blog\/wp-json\/wp\/v2\/posts\/1051"}],"collection":[{"href":"https:\/\/ycm-berlin.de\/blog\/wp-json\/wp\/v2\/posts"}],"about":[{"href":"https:\/\/ycm-berlin.de\/blog\/wp-json\/wp\/v2\/types\/post"}],"author":[{"embeddable":true,"href":"https:\/\/ycm-berlin.de\/blog\/wp-json\/wp\/v2\/users\/2"}],"replies":[{"embeddable":true,"href":"https:\/\/ycm-berlin.de\/blog\/wp-json\/wp\/v2\/comments?post=1051"}],"version-history":[{"count":7,"href":"https:\/\/ycm-berlin.de\/blog\/wp-json\/wp\/v2\/posts\/1051\/revisions"}],"predecessor-version":[{"id":1128,"href":"https:\/\/ycm-berlin.de\/blog\/wp-json\/wp\/v2\/posts\/1051\/revisions\/1128"}],"wp:featuredmedia":[{"embeddable":true,"href":"https:\/\/ycm-berlin.de\/blog\/wp-json\/wp\/v2\/media\/1043"}],"wp:attachment":[{"href":"https:\/\/ycm-berlin.de\/blog\/wp-json\/wp\/v2\/media?parent=1051"}],"wp:term":[{"taxonomy":"category","embeddable":true,"href":"https:\/\/ycm-berlin.de\/blog\/wp-json\/wp\/v2\/categories?post=1051"},{"taxonomy":"post_tag","embeddable":true,"href":"https:\/\/ycm-berlin.de\/blog\/wp-json\/wp\/v2\/tags?post=1051"}],"curies":[{"name":"wp","href":"https:\/\/api.w.org\/{rel}","templated":true}]}}